{"id":3180,"date":"2026-04-28T17:44:51","date_gmt":"2026-04-28T17:44:51","guid":{"rendered":"https:\/\/www.fc-freya.de\/?p=3180"},"modified":"2026-04-28T17:44:51","modified_gmt":"2026-04-28T17:44:51","slug":"dfb-und-bfv-zu-gast-bei-der-freya","status":"publish","type":"post","link":"https:\/\/www.fc-freya.de\/?p=3180","title":{"rendered":"DFB und BFV zu Gast bei der Freya"},"content":{"rendered":"\n<p>Ganz besondere Ehre f\u00fcr unsere Freya. Am vergangen Sonntag war eine Delegation von DFB und BFV angef\u00fchrt von DFB-Vizepr\u00e4sident Ronny Zimmermann bei uns zu Gast. Im Rahmen des Vereinsdialogs wurde unsere Freya als einer von 12 Vereinen ausgew\u00e4hlt ihre Sicht auf die fu\u00dfballerische Entwicklung wiederzugeben. In einem interessanten Austausch auf Augenh\u00f6he wurden unter anderem Themen wie die Jugendarbeit in Spielgemeinschaften, die Entwicklung des Fu\u00dfball im l\u00e4ndlichen Raum und der Schiedsrichtermangel diskutiert. Vielen Dank an alle Teilnehmer, wir freuen uns, euch bald wieder in Limbach begr\u00fc\u00dfen zu d\u00fcrfen.<\/p>\n\n\n\n<figure class=\"wp-block-gallery has-nested-images columns-default is-cropped wp-block-gallery-1 is-layout-flex wp-block-gallery-is-layout-flex\">\n<figure class=\"wp-block-image size-large\"><img loading=\"lazy\" decoding=\"async\" width=\"1024\" height=\"768\" data-id=\"3181\" src=\"https:\/\/www.fc-freya.de\/wp-content\/uploads\/2026\/04\/26-04-26-15-08-32-5862-1024x768.jpg\" alt=\"\" class=\"wp-image-3181\" srcset=\"https:\/\/www.fc-freya.de\/wp-content\/uploads\/2026\/04\/26-04-26-15-08-32-5862-1024x768.jpg 1024w, https:\/\/www.fc-freya.de\/wp-content\/uploads\/2026\/04\/26-04-26-15-08-32-5862-300x225.jpg 300w, https:\/\/www.fc-freya.de\/wp-content\/uploads\/2026\/04\/26-04-26-15-08-32-5862-150x113.jpg 150w, https:\/\/www.fc-freya.de\/wp-content\/uploads\/2026\/04\/26-04-26-15-08-32-5862-768x576.jpg 768w, https:\/\/www.fc-freya.de\/wp-content\/uploads\/2026\/04\/26-04-26-15-08-32-5862-1536x1152.jpg 1536w, https:\/\/www.fc-freya.de\/wp-content\/uploads\/2026\/04\/26-04-26-15-08-32-5862-2048x1536.jpg 2048w\" sizes=\"auto, (max-width: 1024px) 100vw, 1024px\" \/><\/figure>\n\n\n\n<figure class=\"wp-block-image size-large\"><img loading=\"lazy\" decoding=\"async\" width=\"768\" height=\"1024\" data-id=\"3182\" src=\"https:\/\/www.fc-freya.de\/wp-content\/uploads\/2026\/04\/26-04-26-15-10-43-5863-768x1024.jpg\" alt=\"\" class=\"wp-image-3182\" srcset=\"https:\/\/www.fc-freya.de\/wp-content\/uploads\/2026\/04\/26-04-26-15-10-43-5863-768x1024.jpg 768w, https:\/\/www.fc-freya.de\/wp-content\/uploads\/2026\/04\/26-04-26-15-10-43-5863-225x300.jpg 225w, https:\/\/www.fc-freya.de\/wp-content\/uploads\/2026\/04\/26-04-26-15-10-43-5863-113x150.jpg 113w, https:\/\/www.fc-freya.de\/wp-content\/uploads\/2026\/04\/26-04-26-15-10-43-5863-1152x1536.jpg 1152w, https:\/\/www.fc-freya.de\/wp-content\/uploads\/2026\/04\/26-04-26-15-10-43-5863-1536x2048.jpg 1536w, https:\/\/www.fc-freya.de\/wp-content\/uploads\/2026\/04\/26-04-26-15-10-43-5863-scaled.jpg 1920w\" sizes=\"auto, (max-width: 768px) 100vw, 768px\" \/><\/figure>\n<\/figure>\n","protected":false},"excerpt":{"rendered":"<p>Ganz besondere Ehre f\u00fcr unsere Freya. Am vergangen Sonntag war eine Delegation von DFB und BFV angef\u00fchrt von DFB-Vizepr\u00e4sident Ronny Zimmermann bei uns zu Gast. Im Rahmen des Vereinsdialogs wurde unsere Freya als einer von 12 Vereinen ausgew\u00e4hlt ihre Sicht auf die fu\u00dfballerische Entwicklung wiederzugeben. In einem interessanten Austausch auf [&hellip;]<\/p>\n","protected":false},"author":1,"featured_media":3182,"comment_status":"closed","ping_status":"open","sticky":false,"template":"","format":"standard","meta":{"footnotes":""},"categories":[7,29],"tags":[],"class_list":["post-3180","post","type-post","status-publish","format-standard","has-post-thumbnail","hentry","category-news","category-rund-um-den-verein"],"_links":{"self":[{"href":"https:\/\/www.fc-freya.de\/index.php?rest_route=\/wp\/v2\/posts\/3180","targetHints":{"allow":["GET"]}}],"collection":[{"href":"https:\/\/www.fc-freya.de\/index.php?rest_route=\/wp\/v2\/posts"}],"about":[{"href":"https:\/\/www.fc-freya.de\/index.php?rest_route=\/wp\/v2\/types\/post"}],"author":[{"embeddable":true,"href":"https:\/\/www.fc-freya.de\/index.php?rest_route=\/wp\/v2\/users\/1"}],"replies":[{"embeddable":true,"href":"https:\/\/www.fc-freya.de\/index.php?rest_route=%2Fwp%2Fv2%2Fcomments&post=3180"}],"version-history":[{"count":1,"href":"https:\/\/www.fc-freya.de\/index.php?rest_route=\/wp\/v2\/posts\/3180\/revisions"}],"predecessor-version":[{"id":3183,"href":"https:\/\/www.fc-freya.de\/index.php?rest_route=\/wp\/v2\/posts\/3180\/revisions\/3183"}],"wp:featuredmedia":[{"embeddable":true,"href":"https:\/\/www.fc-freya.de\/index.php?rest_route=\/wp\/v2\/media\/3182"}],"wp:attachment":[{"href":"https:\/\/www.fc-freya.de\/index.php?rest_route=%2Fwp%2Fv2%2Fmedia&parent=3180"}],"wp:term":[{"taxonomy":"category","embeddable":true,"href":"https:\/\/www.fc-freya.de\/index.php?rest_route=%2Fwp%2Fv2%2Fcategories&post=3180"},{"taxonomy":"post_tag","embeddable":true,"href":"https:\/\/www.fc-freya.de\/index.php?rest_route=%2Fwp%2Fv2%2Ftags&post=3180"}],"curies":[{"name":"wp","href":"https:\/\/api.w.org\/{rel}","templated":true}]}}