{"id":3159,"date":"2026-04-27T19:38:28","date_gmt":"2026-04-27T19:38:28","guid":{"rendered":"https:\/\/www.fc-freya.de\/?p=3159"},"modified":"2026-04-27T19:38:30","modified_gmt":"2026-04-27T19:38:30","slug":"spielbericht-fc-freya-limbach-fv-reichenbuch","status":"publish","type":"post","link":"https:\/\/www.fc-freya.de\/?p=3159","title":{"rendered":"Spielbericht: FC Freya Limbach &#8211; FV Reichenbuch"},"content":{"rendered":"\n<p class=\"has-medium-font-size\"><strong>Bei tollem Fu\u00dfballwetter agierten beide Teams sehr engagiert. Limbach hatte mehr Spielanteile und die etwas besseren Chancen, konnte hieraus jedoch kein Kapital schlagen. So blieb es zur Pause beim 0:0. In der zweiten H\u00e4lfte verlief das Spiel \u00e4hnlich, nur hatte dieses mal Reichenbuch die erste Chance, doch der Ball landete lediglich am Au\u00dfenpfosten (60.) Fast im Gegenzug traf f\u00fcr die Heimelf durch P. Bachmann ebenfalls nur das Aluminium. In der 70. Minute, kam Kuhn nach sch\u00f6ner Flanke von Jovanovic zum Kopfball, scheiterte jedoch am gut reagierenden FV Keeper Lotze. Nach einem Elfmeterpfiff in der 85. Minute, schoss Gaman die Freya in F\u00fchrung, doch in der 90. Minute konnte Gutjahr f\u00fcr Reichenbuch nach einem Konter freistehend ausgleichen. In der Nachspielzeit verletzte sich noch ein Spieler von Reichenbuch und man einigte sich in Absprache mit dem Schiedsrichtergespann das Spiel zu beenden. Wir w\u00fcnschen hiermit dem Spieler gute Genesung! Quelle: RNZ<\/strong>, <strong>Bilder: Michael Steck<\/strong><\/p>\n\n\n\n<figure class=\"wp-block-gallery has-nested-images columns-default is-cropped wp-block-gallery-1 is-layout-flex wp-block-gallery-is-layout-flex\">\n<figure class=\"wp-block-image size-large\"><img loading=\"lazy\" decoding=\"async\" width=\"1024\" height=\"576\" data-id=\"3167\" src=\"https:\/\/www.fc-freya.de\/wp-content\/uploads\/2026\/04\/1-1024x576.webp\" alt=\"\" class=\"wp-image-3167\" srcset=\"https:\/\/www.fc-freya.de\/wp-content\/uploads\/2026\/04\/1-1024x576.webp 1024w, https:\/\/www.fc-freya.de\/wp-content\/uploads\/2026\/04\/1-300x169.webp 300w, https:\/\/www.fc-freya.de\/wp-content\/uploads\/2026\/04\/1-150x84.webp 150w, https:\/\/www.fc-freya.de\/wp-content\/uploads\/2026\/04\/1-768x432.webp 768w, https:\/\/www.fc-freya.de\/wp-content\/uploads\/2026\/04\/1-1536x864.webp 1536w, https:\/\/www.fc-freya.de\/wp-content\/uploads\/2026\/04\/1.webp 1920w\" sizes=\"auto, (max-width: 1024px) 100vw, 1024px\" \/><\/figure>\n\n\n\n<figure class=\"wp-block-image size-large\"><img loading=\"lazy\" decoding=\"async\" width=\"1024\" height=\"576\" data-id=\"3164\" src=\"https:\/\/www.fc-freya.de\/wp-content\/uploads\/2026\/04\/2-1024x576.webp\" alt=\"\" class=\"wp-image-3164\" srcset=\"https:\/\/www.fc-freya.de\/wp-content\/uploads\/2026\/04\/2-1024x576.webp 1024w, https:\/\/www.fc-freya.de\/wp-content\/uploads\/2026\/04\/2-300x169.webp 300w, https:\/\/www.fc-freya.de\/wp-content\/uploads\/2026\/04\/2-150x84.webp 150w, https:\/\/www.fc-freya.de\/wp-content\/uploads\/2026\/04\/2-768x432.webp 768w, https:\/\/www.fc-freya.de\/wp-content\/uploads\/2026\/04\/2-1536x864.webp 1536w, https:\/\/www.fc-freya.de\/wp-content\/uploads\/2026\/04\/2.webp 1920w\" sizes=\"auto, (max-width: 1024px) 100vw, 1024px\" \/><\/figure>\n\n\n\n<figure class=\"wp-block-image size-large\"><img loading=\"lazy\" decoding=\"async\" width=\"1024\" height=\"576\" data-id=\"3174\" src=\"https:\/\/www.fc-freya.de\/wp-content\/uploads\/2026\/04\/3-1024x576.webp\" alt=\"\" class=\"wp-image-3174\" srcset=\"https:\/\/www.fc-freya.de\/wp-content\/uploads\/2026\/04\/3-1024x576.webp 1024w, https:\/\/www.fc-freya.de\/wp-content\/uploads\/2026\/04\/3-300x169.webp 300w, https:\/\/www.fc-freya.de\/wp-content\/uploads\/2026\/04\/3-150x84.webp 150w, https:\/\/www.fc-freya.de\/wp-content\/uploads\/2026\/04\/3-768x432.webp 768w, https:\/\/www.fc-freya.de\/wp-content\/uploads\/2026\/04\/3-1536x864.webp 1536w, https:\/\/www.fc-freya.de\/wp-content\/uploads\/2026\/04\/3.webp 1920w\" sizes=\"auto, (max-width: 1024px) 100vw, 1024px\" \/><\/figure>\n\n\n\n<figure class=\"wp-block-image size-large\"><img loading=\"lazy\" decoding=\"async\" width=\"1024\" height=\"576\" data-id=\"3166\" src=\"https:\/\/www.fc-freya.de\/wp-content\/uploads\/2026\/04\/4-1024x576.webp\" alt=\"\" class=\"wp-image-3166\" srcset=\"https:\/\/www.fc-freya.de\/wp-content\/uploads\/2026\/04\/4-1024x576.webp 1024w, https:\/\/www.fc-freya.de\/wp-content\/uploads\/2026\/04\/4-300x169.webp 300w, https:\/\/www.fc-freya.de\/wp-content\/uploads\/2026\/04\/4-150x84.webp 150w, https:\/\/www.fc-freya.de\/wp-content\/uploads\/2026\/04\/4-768x432.webp 768w, https:\/\/www.fc-freya.de\/wp-content\/uploads\/2026\/04\/4-1536x864.webp 1536w, https:\/\/www.fc-freya.de\/wp-content\/uploads\/2026\/04\/4.webp 1920w\" sizes=\"auto, (max-width: 1024px) 100vw, 1024px\" \/><\/figure>\n\n\n\n<figure class=\"wp-block-image size-large\"><img loading=\"lazy\" decoding=\"async\" width=\"1024\" height=\"576\" data-id=\"3173\" src=\"https:\/\/www.fc-freya.de\/wp-content\/uploads\/2026\/04\/5-1024x576.webp\" alt=\"\" class=\"wp-image-3173\" srcset=\"https:\/\/www.fc-freya.de\/wp-content\/uploads\/2026\/04\/5-1024x576.webp 1024w, https:\/\/www.fc-freya.de\/wp-content\/uploads\/2026\/04\/5-300x169.webp 300w, https:\/\/www.fc-freya.de\/wp-content\/uploads\/2026\/04\/5-150x84.webp 150w, https:\/\/www.fc-freya.de\/wp-content\/uploads\/2026\/04\/5-768x432.webp 768w, https:\/\/www.fc-freya.de\/wp-content\/uploads\/2026\/04\/5-1536x864.webp 1536w, https:\/\/www.fc-freya.de\/wp-content\/uploads\/2026\/04\/5.webp 1920w\" sizes=\"auto, (max-width: 1024px) 100vw, 1024px\" \/><\/figure>\n\n\n\n<figure class=\"wp-block-image size-large\"><img loading=\"lazy\" decoding=\"async\" width=\"1920\" height=\"1080\" data-id=\"3169\" src=\"https:\/\/www.fc-freya.de\/wp-content\/uploads\/2026\/04\/6-1024x576.webp\" alt=\"\" class=\"wp-image-3169\" srcset=\"https:\/\/www.fc-freya.de\/wp-content\/uploads\/2026\/04\/6-1024x576.webp 1024w, https:\/\/www.fc-freya.de\/wp-content\/uploads\/2026\/04\/6-300x169.webp 300w, https:\/\/www.fc-freya.de\/wp-content\/uploads\/2026\/04\/6-150x84.webp 150w, https:\/\/www.fc-freya.de\/wp-content\/uploads\/2026\/04\/6-768x432.webp 768w, https:\/\/www.fc-freya.de\/wp-content\/uploads\/2026\/04\/6-1536x864.webp 1536w, https:\/\/www.fc-freya.de\/wp-content\/uploads\/2026\/04\/6.webp 1920w\" sizes=\"auto, (max-width: 1920px) 100vw, 1920px\" \/><\/figure>\n\n\n\n<figure class=\"wp-block-image size-large\"><img loading=\"lazy\" decoding=\"async\" width=\"1024\" height=\"576\" data-id=\"3163\" src=\"https:\/\/www.fc-freya.de\/wp-content\/uploads\/2026\/04\/7-1024x576.webp\" alt=\"\" class=\"wp-image-3163\" srcset=\"https:\/\/www.fc-freya.de\/wp-content\/uploads\/2026\/04\/7-1024x576.webp 1024w, https:\/\/www.fc-freya.de\/wp-content\/uploads\/2026\/04\/7-300x169.webp 300w, https:\/\/www.fc-freya.de\/wp-content\/uploads\/2026\/04\/7-150x84.webp 150w, https:\/\/www.fc-freya.de\/wp-content\/uploads\/2026\/04\/7-768x432.webp 768w, https:\/\/www.fc-freya.de\/wp-content\/uploads\/2026\/04\/7-1536x864.webp 1536w, https:\/\/www.fc-freya.de\/wp-content\/uploads\/2026\/04\/7.webp 1920w\" sizes=\"auto, (max-width: 1024px) 100vw, 1024px\" \/><\/figure>\n\n\n\n<figure class=\"wp-block-image size-large\"><img loading=\"lazy\" decoding=\"async\" width=\"1024\" height=\"576\" data-id=\"3162\" src=\"https:\/\/www.fc-freya.de\/wp-content\/uploads\/2026\/04\/8-1024x576.webp\" alt=\"\" class=\"wp-image-3162\" srcset=\"https:\/\/www.fc-freya.de\/wp-content\/uploads\/2026\/04\/8-1024x576.webp 1024w, https:\/\/www.fc-freya.de\/wp-content\/uploads\/2026\/04\/8-300x169.webp 300w, https:\/\/www.fc-freya.de\/wp-content\/uploads\/2026\/04\/8-150x84.webp 150w, https:\/\/www.fc-freya.de\/wp-content\/uploads\/2026\/04\/8-768x432.webp 768w, https:\/\/www.fc-freya.de\/wp-content\/uploads\/2026\/04\/8-1536x864.webp 1536w, https:\/\/www.fc-freya.de\/wp-content\/uploads\/2026\/04\/8.webp 1920w\" sizes=\"auto, (max-width: 1024px) 100vw, 1024px\" \/><\/figure>\n\n\n\n<figure class=\"wp-block-image size-large\"><img loading=\"lazy\" decoding=\"async\" width=\"1024\" height=\"576\" data-id=\"3165\" src=\"https:\/\/www.fc-freya.de\/wp-content\/uploads\/2026\/04\/9-1024x576.webp\" alt=\"\" class=\"wp-image-3165\" srcset=\"https:\/\/www.fc-freya.de\/wp-content\/uploads\/2026\/04\/9-1024x576.webp 1024w, https:\/\/www.fc-freya.de\/wp-content\/uploads\/2026\/04\/9-300x169.webp 300w, https:\/\/www.fc-freya.de\/wp-content\/uploads\/2026\/04\/9-150x84.webp 150w, https:\/\/www.fc-freya.de\/wp-content\/uploads\/2026\/04\/9-768x432.webp 768w, https:\/\/www.fc-freya.de\/wp-content\/uploads\/2026\/04\/9-1536x864.webp 1536w, https:\/\/www.fc-freya.de\/wp-content\/uploads\/2026\/04\/9.webp 1920w\" sizes=\"auto, (max-width: 1024px) 100vw, 1024px\" \/><\/figure>\n\n\n\n<figure class=\"wp-block-image size-large\"><img loading=\"lazy\" decoding=\"async\" width=\"1024\" height=\"576\" data-id=\"3170\" src=\"https:\/\/www.fc-freya.de\/wp-content\/uploads\/2026\/04\/10-1024x576.webp\" alt=\"\" class=\"wp-image-3170\" srcset=\"https:\/\/www.fc-freya.de\/wp-content\/uploads\/2026\/04\/10-1024x576.webp 1024w, https:\/\/www.fc-freya.de\/wp-content\/uploads\/2026\/04\/10-300x169.webp 300w, https:\/\/www.fc-freya.de\/wp-content\/uploads\/2026\/04\/10-150x84.webp 150w, https:\/\/www.fc-freya.de\/wp-content\/uploads\/2026\/04\/10-768x432.webp 768w, https:\/\/www.fc-freya.de\/wp-content\/uploads\/2026\/04\/10-1536x864.webp 1536w, https:\/\/www.fc-freya.de\/wp-content\/uploads\/2026\/04\/10.webp 1920w\" sizes=\"auto, (max-width: 1024px) 100vw, 1024px\" \/><\/figure>\n\n\n\n<figure class=\"wp-block-image size-large\"><img loading=\"lazy\" decoding=\"async\" width=\"1024\" height=\"576\" data-id=\"3176\" src=\"https:\/\/www.fc-freya.de\/wp-content\/uploads\/2026\/04\/11-1024x576.webp\" alt=\"\" class=\"wp-image-3176\" srcset=\"https:\/\/www.fc-freya.de\/wp-content\/uploads\/2026\/04\/11-1024x576.webp 1024w, https:\/\/www.fc-freya.de\/wp-content\/uploads\/2026\/04\/11-300x169.webp 300w, https:\/\/www.fc-freya.de\/wp-content\/uploads\/2026\/04\/11-150x84.webp 150w, https:\/\/www.fc-freya.de\/wp-content\/uploads\/2026\/04\/11-768x432.webp 768w, https:\/\/www.fc-freya.de\/wp-content\/uploads\/2026\/04\/11-1536x864.webp 1536w, https:\/\/www.fc-freya.de\/wp-content\/uploads\/2026\/04\/11.webp 1920w\" sizes=\"auto, (max-width: 1024px) 100vw, 1024px\" \/><\/figure>\n\n\n\n<figure class=\"wp-block-image size-large\"><img loading=\"lazy\" decoding=\"async\" width=\"1024\" height=\"576\" data-id=\"3171\" src=\"https:\/\/www.fc-freya.de\/wp-content\/uploads\/2026\/04\/12-1024x576.webp\" alt=\"\" class=\"wp-image-3171\" srcset=\"https:\/\/www.fc-freya.de\/wp-content\/uploads\/2026\/04\/12-1024x576.webp 1024w, https:\/\/www.fc-freya.de\/wp-content\/uploads\/2026\/04\/12-300x169.webp 300w, https:\/\/www.fc-freya.de\/wp-content\/uploads\/2026\/04\/12-150x84.webp 150w, https:\/\/www.fc-freya.de\/wp-content\/uploads\/2026\/04\/12-768x432.webp 768w, https:\/\/www.fc-freya.de\/wp-content\/uploads\/2026\/04\/12-1536x864.webp 1536w, https:\/\/www.fc-freya.de\/wp-content\/uploads\/2026\/04\/12.webp 1920w\" sizes=\"auto, (max-width: 1024px) 100vw, 1024px\" \/><\/figure>\n\n\n\n<figure class=\"wp-block-image size-large\"><img loading=\"lazy\" decoding=\"async\" width=\"1024\" height=\"576\" data-id=\"3168\" src=\"https:\/\/www.fc-freya.de\/wp-content\/uploads\/2026\/04\/13-1024x576.webp\" alt=\"\" class=\"wp-image-3168\" srcset=\"https:\/\/www.fc-freya.de\/wp-content\/uploads\/2026\/04\/13-1024x576.webp 1024w, https:\/\/www.fc-freya.de\/wp-content\/uploads\/2026\/04\/13-300x169.webp 300w, https:\/\/www.fc-freya.de\/wp-content\/uploads\/2026\/04\/13-150x84.webp 150w, https:\/\/www.fc-freya.de\/wp-content\/uploads\/2026\/04\/13-768x432.webp 768w, https:\/\/www.fc-freya.de\/wp-content\/uploads\/2026\/04\/13-1536x864.webp 1536w, https:\/\/www.fc-freya.de\/wp-content\/uploads\/2026\/04\/13.webp 1920w\" sizes=\"auto, (max-width: 1024px) 100vw, 1024px\" \/><\/figure>\n\n\n\n<figure class=\"wp-block-image size-large\"><img loading=\"lazy\" decoding=\"async\" width=\"1024\" height=\"576\" data-id=\"3175\" src=\"https:\/\/www.fc-freya.de\/wp-content\/uploads\/2026\/04\/14-1024x576.webp\" alt=\"\" class=\"wp-image-3175\" srcset=\"https:\/\/www.fc-freya.de\/wp-content\/uploads\/2026\/04\/14-1024x576.webp 1024w, https:\/\/www.fc-freya.de\/wp-content\/uploads\/2026\/04\/14-300x169.webp 300w, https:\/\/www.fc-freya.de\/wp-content\/uploads\/2026\/04\/14-150x84.webp 150w, https:\/\/www.fc-freya.de\/wp-content\/uploads\/2026\/04\/14-768x432.webp 768w, https:\/\/www.fc-freya.de\/wp-content\/uploads\/2026\/04\/14-1536x864.webp 1536w, https:\/\/www.fc-freya.de\/wp-content\/uploads\/2026\/04\/14.webp 1920w\" sizes=\"auto, (max-width: 1024px) 100vw, 1024px\" \/><\/figure>\n\n\n\n<figure class=\"wp-block-image size-large\"><img loading=\"lazy\" decoding=\"async\" width=\"1024\" height=\"576\" data-id=\"3172\" src=\"https:\/\/www.fc-freya.de\/wp-content\/uploads\/2026\/04\/15-1024x576.webp\" alt=\"\" class=\"wp-image-3172\" srcset=\"https:\/\/www.fc-freya.de\/wp-content\/uploads\/2026\/04\/15-1024x576.webp 1024w, https:\/\/www.fc-freya.de\/wp-content\/uploads\/2026\/04\/15-300x169.webp 300w, https:\/\/www.fc-freya.de\/wp-content\/uploads\/2026\/04\/15-150x84.webp 150w, https:\/\/www.fc-freya.de\/wp-content\/uploads\/2026\/04\/15-768x432.webp 768w, https:\/\/www.fc-freya.de\/wp-content\/uploads\/2026\/04\/15-1536x864.webp 1536w, https:\/\/www.fc-freya.de\/wp-content\/uploads\/2026\/04\/15.webp 1920w\" sizes=\"auto, (max-width: 1024px) 100vw, 1024px\" \/><\/figure>\n\n\n\n<figure class=\"wp-block-image size-large\"><img loading=\"lazy\" decoding=\"async\" width=\"1024\" height=\"685\" data-id=\"3177\" src=\"https:\/\/www.fc-freya.de\/wp-content\/uploads\/2026\/04\/16-1024x685.webp\" alt=\"\" class=\"wp-image-3177\" srcset=\"https:\/\/www.fc-freya.de\/wp-content\/uploads\/2026\/04\/16-1024x685.webp 1024w, https:\/\/www.fc-freya.de\/wp-content\/uploads\/2026\/04\/16-300x201.webp 300w, https:\/\/www.fc-freya.de\/wp-content\/uploads\/2026\/04\/16-150x100.webp 150w, https:\/\/www.fc-freya.de\/wp-content\/uploads\/2026\/04\/16-768x514.webp 768w, https:\/\/www.fc-freya.de\/wp-content\/uploads\/2026\/04\/16-1536x1027.webp 1536w, https:\/\/www.fc-freya.de\/wp-content\/uploads\/2026\/04\/16-360x240.webp 360w, https:\/\/www.fc-freya.de\/wp-content\/uploads\/2026\/04\/16.webp 1920w\" sizes=\"auto, (max-width: 1024px) 100vw, 1024px\" \/><\/figure>\n<\/figure>\n","protected":false},"excerpt":{"rendered":"<p>Bei tollem Fu\u00dfballwetter agierten beide Teams sehr engagiert. Limbach hatte mehr Spielanteile und die etwas besseren Chancen, konnte hieraus jedoch kein Kapital schlagen. So blieb es zur Pause beim 0:0. In der zweiten H\u00e4lfte verlief das Spiel \u00e4hnlich, nur hatte dieses mal Reichenbuch die erste Chance, doch der Ball landete [&hellip;]<\/p>\n","protected":false},"author":1,"featured_media":3178,"comment_status":"closed","ping_status":"open","sticky":false,"template":"","format":"standard","meta":{"footnotes":""},"categories":[7,39],"tags":[],"class_list":["post-3159","post","type-post","status-publish","format-standard","has-post-thumbnail","hentry","category-news","category-spielberichte"],"_links":{"self":[{"href":"https:\/\/www.fc-freya.de\/index.php?rest_route=\/wp\/v2\/posts\/3159","targetHints":{"allow":["GET"]}}],"collection":[{"href":"https:\/\/www.fc-freya.de\/index.php?rest_route=\/wp\/v2\/posts"}],"about":[{"href":"https:\/\/www.fc-freya.de\/index.php?rest_route=\/wp\/v2\/types\/post"}],"author":[{"embeddable":true,"href":"https:\/\/www.fc-freya.de\/index.php?rest_route=\/wp\/v2\/users\/1"}],"replies":[{"embeddable":true,"href":"https:\/\/www.fc-freya.de\/index.php?rest_route=%2Fwp%2Fv2%2Fcomments&post=3159"}],"version-history":[{"count":1,"href":"https:\/\/www.fc-freya.de\/index.php?rest_route=\/wp\/v2\/posts\/3159\/revisions"}],"predecessor-version":[{"id":3179,"href":"https:\/\/www.fc-freya.de\/index.php?rest_route=\/wp\/v2\/posts\/3159\/revisions\/3179"}],"wp:featuredmedia":[{"embeddable":true,"href":"https:\/\/www.fc-freya.de\/index.php?rest_route=\/wp\/v2\/media\/3178"}],"wp:attachment":[{"href":"https:\/\/www.fc-freya.de\/index.php?rest_route=%2Fwp%2Fv2%2Fmedia&parent=3159"}],"wp:term":[{"taxonomy":"category","embeddable":true,"href":"https:\/\/www.fc-freya.de\/index.php?rest_route=%2Fwp%2Fv2%2Fcategories&post=3159"},{"taxonomy":"post_tag","embeddable":true,"href":"https:\/\/www.fc-freya.de\/index.php?rest_route=%2Fwp%2Fv2%2Ftags&post=3159"}],"curies":[{"name":"wp","href":"https:\/\/api.w.org\/{rel}","templated":true}]}}