{"id":2731,"date":"2025-11-30T15:50:48","date_gmt":"2025-11-30T15:50:48","guid":{"rendered":"https:\/\/www.fc-freya.de\/?p=2731"},"modified":"2025-11-30T15:50:48","modified_gmt":"2025-11-30T15:50:48","slug":"spielbericht-fc-freya-limbach-fc-phoenix-neckarzimmern","status":"publish","type":"post","link":"https:\/\/www.fc-freya.de\/?p=2731","title":{"rendered":"Spielbericht: FC Freya Limbach &#8211; FC Ph\u00f6nix Neckarzimmern"},"content":{"rendered":"\n<p class=\"has-background\" style=\"background-color:#d4d4d4a1\"><strong>In der ersten H\u00e4lfte sahen die Zuschauer ein schwaches Kreisligaspiel. Die Heimelf tat sich auf schwer bespielbarem Platz schwer, spielerische Akzente zu setzen. Auch Neckarzimmern war zwar bem\u00fcht, konnte im gegnerischen Strafraum jedoch keine Gefahr ausstrahlen. Limbach vers\u00e4umte es dennoch aus guten Chancen Kapital zu schlagen, zuerst verpasste Kuhn knapp (5.) danach zielte Neubig \u00fcber das Tor (17.). Die besten Chancen hatte M. Roos nach zwei Einzelleistungen, jedoch verpasste auch er freistehend die F\u00fchrung. So ging es mit 0:0 in die Kabinen. In der zweiten H\u00e4lfte schaltete Limbach einen Gang hoch und hatte in regelm\u00e4\u00dfigen Abst\u00e4nden gute Einschussm\u00f6glichkeiten.\u00a0 Zuerst scheiterte (64.) der eingewechselte Gaman (60.) , danach konnte Bachmann den Ball aus guter Position nicht im Tor unterbringen. Der gute Keeper der G\u00e4ste parierte in der 68. wiederum gegen den agilen Gaman und Kuhn schoss den Ball kurze Zeit sp\u00e4ter \u00fcber das Tor (72.) Erst in der 79. Minute konnte Kuhn nach einem Abstauber den umjubelten F\u00fchrungstreffer erzielen. Gegen Ende des Spiels versuchte Neckarzimmern nochmal alles nach vorne zu werfen, vergab jedoch einige Standards aus aussichtsreicher Position. So blieb es bei den 3 wichtigen Punkten f\u00fcr die Heimelf. Quelle: RNZ\u00a0\u00a0<\/strong><\/p>\n\n\n\n<figure class=\"wp-block-gallery has-nested-images columns-default is-cropped wp-block-gallery-1 is-layout-flex wp-block-gallery-is-layout-flex\">\n<figure class=\"wp-block-image size-large\"><img loading=\"lazy\" decoding=\"async\" width=\"1024\" height=\"683\" data-id=\"2741\" src=\"https:\/\/www.fc-freya.de\/wp-content\/uploads\/2025\/11\/DSC_0207-1024x683.jpg\" alt=\"\" class=\"wp-image-2741\" srcset=\"https:\/\/www.fc-freya.de\/wp-content\/uploads\/2025\/11\/DSC_0207-1024x683.jpg 1024w, https:\/\/www.fc-freya.de\/wp-content\/uploads\/2025\/11\/DSC_0207-300x200.jpg 300w, https:\/\/www.fc-freya.de\/wp-content\/uploads\/2025\/11\/DSC_0207-150x100.jpg 150w, https:\/\/www.fc-freya.de\/wp-content\/uploads\/2025\/11\/DSC_0207-768x512.jpg 768w, https:\/\/www.fc-freya.de\/wp-content\/uploads\/2025\/11\/DSC_0207-1536x1024.jpg 1536w, https:\/\/www.fc-freya.de\/wp-content\/uploads\/2025\/11\/DSC_0207-2048x1365.jpg 2048w, https:\/\/www.fc-freya.de\/wp-content\/uploads\/2025\/11\/DSC_0207-360x240.jpg 360w\" sizes=\"auto, (max-width: 1024px) 100vw, 1024px\" \/><\/figure>\n\n\n\n<figure class=\"wp-block-image size-large\"><img loading=\"lazy\" decoding=\"async\" width=\"1024\" height=\"683\" data-id=\"2740\" src=\"https:\/\/www.fc-freya.de\/wp-content\/uploads\/2025\/11\/DSC_0206-1024x683.jpg\" alt=\"\" class=\"wp-image-2740\" srcset=\"https:\/\/www.fc-freya.de\/wp-content\/uploads\/2025\/11\/DSC_0206-1024x683.jpg 1024w, https:\/\/www.fc-freya.de\/wp-content\/uploads\/2025\/11\/DSC_0206-300x200.jpg 300w, https:\/\/www.fc-freya.de\/wp-content\/uploads\/2025\/11\/DSC_0206-150x100.jpg 150w, https:\/\/www.fc-freya.de\/wp-content\/uploads\/2025\/11\/DSC_0206-768x512.jpg 768w, https:\/\/www.fc-freya.de\/wp-content\/uploads\/2025\/11\/DSC_0206-1536x1024.jpg 1536w, https:\/\/www.fc-freya.de\/wp-content\/uploads\/2025\/11\/DSC_0206-2048x1365.jpg 2048w, https:\/\/www.fc-freya.de\/wp-content\/uploads\/2025\/11\/DSC_0206-360x240.jpg 360w\" sizes=\"auto, (max-width: 1024px) 100vw, 1024px\" \/><\/figure>\n\n\n\n<figure class=\"wp-block-image size-large\"><img loading=\"lazy\" decoding=\"async\" width=\"1024\" height=\"683\" data-id=\"2739\" src=\"https:\/\/www.fc-freya.de\/wp-content\/uploads\/2025\/11\/DSC_0205-1024x683.jpg\" alt=\"\" class=\"wp-image-2739\" srcset=\"https:\/\/www.fc-freya.de\/wp-content\/uploads\/2025\/11\/DSC_0205-1024x683.jpg 1024w, https:\/\/www.fc-freya.de\/wp-content\/uploads\/2025\/11\/DSC_0205-300x200.jpg 300w, https:\/\/www.fc-freya.de\/wp-content\/uploads\/2025\/11\/DSC_0205-150x100.jpg 150w, https:\/\/www.fc-freya.de\/wp-content\/uploads\/2025\/11\/DSC_0205-768x512.jpg 768w, https:\/\/www.fc-freya.de\/wp-content\/uploads\/2025\/11\/DSC_0205-1536x1024.jpg 1536w, https:\/\/www.fc-freya.de\/wp-content\/uploads\/2025\/11\/DSC_0205-2048x1365.jpg 2048w, https:\/\/www.fc-freya.de\/wp-content\/uploads\/2025\/11\/DSC_0205-360x240.jpg 360w\" sizes=\"auto, (max-width: 1024px) 100vw, 1024px\" \/><\/figure>\n\n\n\n<figure class=\"wp-block-image size-large\"><img loading=\"lazy\" decoding=\"async\" width=\"1024\" height=\"683\" data-id=\"2743\" src=\"https:\/\/www.fc-freya.de\/wp-content\/uploads\/2025\/11\/DSC_0200-1024x683.jpg\" alt=\"\" class=\"wp-image-2743\" srcset=\"https:\/\/www.fc-freya.de\/wp-content\/uploads\/2025\/11\/DSC_0200-1024x683.jpg 1024w, https:\/\/www.fc-freya.de\/wp-content\/uploads\/2025\/11\/DSC_0200-300x200.jpg 300w, https:\/\/www.fc-freya.de\/wp-content\/uploads\/2025\/11\/DSC_0200-150x100.jpg 150w, https:\/\/www.fc-freya.de\/wp-content\/uploads\/2025\/11\/DSC_0200-768x512.jpg 768w, https:\/\/www.fc-freya.de\/wp-content\/uploads\/2025\/11\/DSC_0200-1536x1024.jpg 1536w, https:\/\/www.fc-freya.de\/wp-content\/uploads\/2025\/11\/DSC_0200-2048x1365.jpg 2048w, https:\/\/www.fc-freya.de\/wp-content\/uploads\/2025\/11\/DSC_0200-360x240.jpg 360w\" sizes=\"auto, (max-width: 1024px) 100vw, 1024px\" \/><\/figure>\n\n\n\n<figure class=\"wp-block-image size-large\"><img loading=\"lazy\" decoding=\"async\" width=\"1024\" height=\"683\" data-id=\"2738\" src=\"https:\/\/www.fc-freya.de\/wp-content\/uploads\/2025\/11\/DSC_0196-1024x683.jpg\" alt=\"\" class=\"wp-image-2738\" srcset=\"https:\/\/www.fc-freya.de\/wp-content\/uploads\/2025\/11\/DSC_0196-1024x683.jpg 1024w, https:\/\/www.fc-freya.de\/wp-content\/uploads\/2025\/11\/DSC_0196-300x200.jpg 300w, https:\/\/www.fc-freya.de\/wp-content\/uploads\/2025\/11\/DSC_0196-150x100.jpg 150w, https:\/\/www.fc-freya.de\/wp-content\/uploads\/2025\/11\/DSC_0196-768x512.jpg 768w, https:\/\/www.fc-freya.de\/wp-content\/uploads\/2025\/11\/DSC_0196-1536x1024.jpg 1536w, https:\/\/www.fc-freya.de\/wp-content\/uploads\/2025\/11\/DSC_0196-2048x1365.jpg 2048w, https:\/\/www.fc-freya.de\/wp-content\/uploads\/2025\/11\/DSC_0196-360x240.jpg 360w\" sizes=\"auto, (max-width: 1024px) 100vw, 1024px\" \/><\/figure>\n\n\n\n<figure class=\"wp-block-image size-large\"><img loading=\"lazy\" decoding=\"async\" width=\"1024\" height=\"683\" data-id=\"2737\" src=\"https:\/\/www.fc-freya.de\/wp-content\/uploads\/2025\/11\/DSC_0189-1-1024x683.jpg\" alt=\"\" class=\"wp-image-2737\" srcset=\"https:\/\/www.fc-freya.de\/wp-content\/uploads\/2025\/11\/DSC_0189-1-1024x683.jpg 1024w, https:\/\/www.fc-freya.de\/wp-content\/uploads\/2025\/11\/DSC_0189-1-300x200.jpg 300w, https:\/\/www.fc-freya.de\/wp-content\/uploads\/2025\/11\/DSC_0189-1-150x100.jpg 150w, https:\/\/www.fc-freya.de\/wp-content\/uploads\/2025\/11\/DSC_0189-1-768x512.jpg 768w, https:\/\/www.fc-freya.de\/wp-content\/uploads\/2025\/11\/DSC_0189-1-1536x1024.jpg 1536w, https:\/\/www.fc-freya.de\/wp-content\/uploads\/2025\/11\/DSC_0189-1-2048x1365.jpg 2048w, https:\/\/www.fc-freya.de\/wp-content\/uploads\/2025\/11\/DSC_0189-1-360x240.jpg 360w\" sizes=\"auto, (max-width: 1024px) 100vw, 1024px\" \/><\/figure>\n\n\n\n<figure class=\"wp-block-image size-large\"><img loading=\"lazy\" decoding=\"async\" width=\"1024\" height=\"683\" data-id=\"2745\" src=\"https:\/\/www.fc-freya.de\/wp-content\/uploads\/2025\/11\/DSC_0188-1-1024x683.jpg\" alt=\"\" class=\"wp-image-2745\" srcset=\"https:\/\/www.fc-freya.de\/wp-content\/uploads\/2025\/11\/DSC_0188-1-1024x683.jpg 1024w, https:\/\/www.fc-freya.de\/wp-content\/uploads\/2025\/11\/DSC_0188-1-300x200.jpg 300w, https:\/\/www.fc-freya.de\/wp-content\/uploads\/2025\/11\/DSC_0188-1-150x100.jpg 150w, https:\/\/www.fc-freya.de\/wp-content\/uploads\/2025\/11\/DSC_0188-1-768x512.jpg 768w, https:\/\/www.fc-freya.de\/wp-content\/uploads\/2025\/11\/DSC_0188-1-1536x1024.jpg 1536w, https:\/\/www.fc-freya.de\/wp-content\/uploads\/2025\/11\/DSC_0188-1-2048x1365.jpg 2048w, https:\/\/www.fc-freya.de\/wp-content\/uploads\/2025\/11\/DSC_0188-1-360x240.jpg 360w\" sizes=\"auto, (max-width: 1024px) 100vw, 1024px\" \/><\/figure>\n\n\n\n<figure class=\"wp-block-image size-large\"><img loading=\"lazy\" decoding=\"async\" width=\"1024\" height=\"683\" data-id=\"2748\" src=\"https:\/\/www.fc-freya.de\/wp-content\/uploads\/2025\/11\/DSC_0187-1024x683.jpg\" alt=\"\" class=\"wp-image-2748\" srcset=\"https:\/\/www.fc-freya.de\/wp-content\/uploads\/2025\/11\/DSC_0187-1024x683.jpg 1024w, https:\/\/www.fc-freya.de\/wp-content\/uploads\/2025\/11\/DSC_0187-300x200.jpg 300w, https:\/\/www.fc-freya.de\/wp-content\/uploads\/2025\/11\/DSC_0187-150x100.jpg 150w, https:\/\/www.fc-freya.de\/wp-content\/uploads\/2025\/11\/DSC_0187-768x512.jpg 768w, https:\/\/www.fc-freya.de\/wp-content\/uploads\/2025\/11\/DSC_0187-1536x1024.jpg 1536w, https:\/\/www.fc-freya.de\/wp-content\/uploads\/2025\/11\/DSC_0187-2048x1365.jpg 2048w, https:\/\/www.fc-freya.de\/wp-content\/uploads\/2025\/11\/DSC_0187-360x240.jpg 360w\" sizes=\"auto, (max-width: 1024px) 100vw, 1024px\" \/><\/figure>\n\n\n\n<figure class=\"wp-block-image size-large\"><img loading=\"lazy\" decoding=\"async\" width=\"1024\" height=\"683\" data-id=\"2742\" src=\"https:\/\/www.fc-freya.de\/wp-content\/uploads\/2025\/11\/DSC_0185-1-1024x683.jpg\" alt=\"\" class=\"wp-image-2742\" srcset=\"https:\/\/www.fc-freya.de\/wp-content\/uploads\/2025\/11\/DSC_0185-1-1024x683.jpg 1024w, https:\/\/www.fc-freya.de\/wp-content\/uploads\/2025\/11\/DSC_0185-1-300x200.jpg 300w, https:\/\/www.fc-freya.de\/wp-content\/uploads\/2025\/11\/DSC_0185-1-150x100.jpg 150w, https:\/\/www.fc-freya.de\/wp-content\/uploads\/2025\/11\/DSC_0185-1-768x512.jpg 768w, https:\/\/www.fc-freya.de\/wp-content\/uploads\/2025\/11\/DSC_0185-1-1536x1024.jpg 1536w, https:\/\/www.fc-freya.de\/wp-content\/uploads\/2025\/11\/DSC_0185-1-2048x1365.jpg 2048w, https:\/\/www.fc-freya.de\/wp-content\/uploads\/2025\/11\/DSC_0185-1-360x240.jpg 360w\" sizes=\"auto, (max-width: 1024px) 100vw, 1024px\" \/><\/figure>\n\n\n\n<figure class=\"wp-block-image size-large\"><img loading=\"lazy\" decoding=\"async\" width=\"1024\" height=\"683\" data-id=\"2749\" src=\"https:\/\/www.fc-freya.de\/wp-content\/uploads\/2025\/11\/DSC_0182-1024x683.jpg\" alt=\"\" class=\"wp-image-2749\" srcset=\"https:\/\/www.fc-freya.de\/wp-content\/uploads\/2025\/11\/DSC_0182-1024x683.jpg 1024w, https:\/\/www.fc-freya.de\/wp-content\/uploads\/2025\/11\/DSC_0182-300x200.jpg 300w, https:\/\/www.fc-freya.de\/wp-content\/uploads\/2025\/11\/DSC_0182-150x100.jpg 150w, https:\/\/www.fc-freya.de\/wp-content\/uploads\/2025\/11\/DSC_0182-768x512.jpg 768w, https:\/\/www.fc-freya.de\/wp-content\/uploads\/2025\/11\/DSC_0182-1536x1024.jpg 1536w, https:\/\/www.fc-freya.de\/wp-content\/uploads\/2025\/11\/DSC_0182-2048x1365.jpg 2048w, https:\/\/www.fc-freya.de\/wp-content\/uploads\/2025\/11\/DSC_0182-360x240.jpg 360w\" sizes=\"auto, (max-width: 1024px) 100vw, 1024px\" \/><\/figure>\n\n\n\n<figure class=\"wp-block-image size-large\"><img loading=\"lazy\" decoding=\"async\" width=\"1024\" height=\"683\" data-id=\"2744\" src=\"https:\/\/www.fc-freya.de\/wp-content\/uploads\/2025\/11\/DSC_0181-1024x683.jpg\" alt=\"\" class=\"wp-image-2744\" srcset=\"https:\/\/www.fc-freya.de\/wp-content\/uploads\/2025\/11\/DSC_0181-1024x683.jpg 1024w, https:\/\/www.fc-freya.de\/wp-content\/uploads\/2025\/11\/DSC_0181-300x200.jpg 300w, https:\/\/www.fc-freya.de\/wp-content\/uploads\/2025\/11\/DSC_0181-150x100.jpg 150w, https:\/\/www.fc-freya.de\/wp-content\/uploads\/2025\/11\/DSC_0181-768x512.jpg 768w, https:\/\/www.fc-freya.de\/wp-content\/uploads\/2025\/11\/DSC_0181-1536x1024.jpg 1536w, https:\/\/www.fc-freya.de\/wp-content\/uploads\/2025\/11\/DSC_0181-2048x1365.jpg 2048w, https:\/\/www.fc-freya.de\/wp-content\/uploads\/2025\/11\/DSC_0181-360x240.jpg 360w\" sizes=\"auto, (max-width: 1024px) 100vw, 1024px\" \/><\/figure>\n\n\n\n<figure class=\"wp-block-image size-large\"><img loading=\"lazy\" decoding=\"async\" width=\"1024\" height=\"683\" data-id=\"2747\" src=\"https:\/\/www.fc-freya.de\/wp-content\/uploads\/2025\/11\/DSC_0180-1024x683.jpg\" alt=\"\" class=\"wp-image-2747\" srcset=\"https:\/\/www.fc-freya.de\/wp-content\/uploads\/2025\/11\/DSC_0180-1024x683.jpg 1024w, https:\/\/www.fc-freya.de\/wp-content\/uploads\/2025\/11\/DSC_0180-300x200.jpg 300w, https:\/\/www.fc-freya.de\/wp-content\/uploads\/2025\/11\/DSC_0180-150x100.jpg 150w, https:\/\/www.fc-freya.de\/wp-content\/uploads\/2025\/11\/DSC_0180-768x512.jpg 768w, https:\/\/www.fc-freya.de\/wp-content\/uploads\/2025\/11\/DSC_0180-1536x1024.jpg 1536w, https:\/\/www.fc-freya.de\/wp-content\/uploads\/2025\/11\/DSC_0180-2048x1365.jpg 2048w, https:\/\/www.fc-freya.de\/wp-content\/uploads\/2025\/11\/DSC_0180-360x240.jpg 360w\" sizes=\"auto, (max-width: 1024px) 100vw, 1024px\" \/><\/figure>\n\n\n\n<figure class=\"wp-block-image size-large\"><img loading=\"lazy\" decoding=\"async\" width=\"1024\" height=\"683\" data-id=\"2746\" src=\"https:\/\/www.fc-freya.de\/wp-content\/uploads\/2025\/11\/DSC_0179-1024x683.jpg\" alt=\"\" class=\"wp-image-2746\" srcset=\"https:\/\/www.fc-freya.de\/wp-content\/uploads\/2025\/11\/DSC_0179-1024x683.jpg 1024w, https:\/\/www.fc-freya.de\/wp-content\/uploads\/2025\/11\/DSC_0179-300x200.jpg 300w, https:\/\/www.fc-freya.de\/wp-content\/uploads\/2025\/11\/DSC_0179-150x100.jpg 150w, https:\/\/www.fc-freya.de\/wp-content\/uploads\/2025\/11\/DSC_0179-768x512.jpg 768w, https:\/\/www.fc-freya.de\/wp-content\/uploads\/2025\/11\/DSC_0179-1536x1024.jpg 1536w, https:\/\/www.fc-freya.de\/wp-content\/uploads\/2025\/11\/DSC_0179-2048x1365.jpg 2048w, https:\/\/www.fc-freya.de\/wp-content\/uploads\/2025\/11\/DSC_0179-360x240.jpg 360w\" sizes=\"auto, (max-width: 1024px) 100vw, 1024px\" \/><\/figure>\n\n\n\n<figure class=\"wp-block-image size-large\"><img loading=\"lazy\" decoding=\"async\" width=\"1024\" height=\"683\" data-id=\"2750\" src=\"https:\/\/www.fc-freya.de\/wp-content\/uploads\/2025\/11\/DSC_0174-1024x683.jpg\" alt=\"\" class=\"wp-image-2750\" srcset=\"https:\/\/www.fc-freya.de\/wp-content\/uploads\/2025\/11\/DSC_0174-1024x683.jpg 1024w, https:\/\/www.fc-freya.de\/wp-content\/uploads\/2025\/11\/DSC_0174-300x200.jpg 300w, https:\/\/www.fc-freya.de\/wp-content\/uploads\/2025\/11\/DSC_0174-150x100.jpg 150w, https:\/\/www.fc-freya.de\/wp-content\/uploads\/2025\/11\/DSC_0174-768x512.jpg 768w, https:\/\/www.fc-freya.de\/wp-content\/uploads\/2025\/11\/DSC_0174-1536x1024.jpg 1536w, https:\/\/www.fc-freya.de\/wp-content\/uploads\/2025\/11\/DSC_0174-2048x1365.jpg 2048w, https:\/\/www.fc-freya.de\/wp-content\/uploads\/2025\/11\/DSC_0174-360x240.jpg 360w\" sizes=\"auto, (max-width: 1024px) 100vw, 1024px\" \/><\/figure>\n<\/figure>\n","protected":false},"excerpt":{"rendered":"<p>In der ersten H\u00e4lfte sahen die Zuschauer ein schwaches Kreisligaspiel. Die Heimelf tat sich auf schwer bespielbarem Platz schwer, spielerische Akzente zu setzen. Auch Neckarzimmern war zwar bem\u00fcht, konnte im gegnerischen Strafraum jedoch keine Gefahr ausstrahlen. Limbach vers\u00e4umte es dennoch aus guten Chancen Kapital zu schlagen, zuerst verpasste Kuhn knapp [&hellip;]<\/p>\n","protected":false},"author":1,"featured_media":2732,"comment_status":"closed","ping_status":"open","sticky":false,"template":"","format":"standard","meta":{"footnotes":""},"categories":[7,39],"tags":[],"class_list":["post-2731","post","type-post","status-publish","format-standard","has-post-thumbnail","hentry","category-news","category-spielberichte"],"_links":{"self":[{"href":"https:\/\/www.fc-freya.de\/index.php?rest_route=\/wp\/v2\/posts\/2731","targetHints":{"allow":["GET"]}}],"collection":[{"href":"https:\/\/www.fc-freya.de\/index.php?rest_route=\/wp\/v2\/posts"}],"about":[{"href":"https:\/\/www.fc-freya.de\/index.php?rest_route=\/wp\/v2\/types\/post"}],"author":[{"embeddable":true,"href":"https:\/\/www.fc-freya.de\/index.php?rest_route=\/wp\/v2\/users\/1"}],"replies":[{"embeddable":true,"href":"https:\/\/www.fc-freya.de\/index.php?rest_route=%2Fwp%2Fv2%2Fcomments&post=2731"}],"version-history":[{"count":1,"href":"https:\/\/www.fc-freya.de\/index.php?rest_route=\/wp\/v2\/posts\/2731\/revisions"}],"predecessor-version":[{"id":2751,"href":"https:\/\/www.fc-freya.de\/index.php?rest_route=\/wp\/v2\/posts\/2731\/revisions\/2751"}],"wp:featuredmedia":[{"embeddable":true,"href":"https:\/\/www.fc-freya.de\/index.php?rest_route=\/wp\/v2\/media\/2732"}],"wp:attachment":[{"href":"https:\/\/www.fc-freya.de\/index.php?rest_route=%2Fwp%2Fv2%2Fmedia&parent=2731"}],"wp:term":[{"taxonomy":"category","embeddable":true,"href":"https:\/\/www.fc-freya.de\/index.php?rest_route=%2Fwp%2Fv2%2Fcategories&post=2731"},{"taxonomy":"post_tag","embeddable":true,"href":"https:\/\/www.fc-freya.de\/index.php?rest_route=%2Fwp%2Fv2%2Ftags&post=2731"}],"curies":[{"name":"wp","href":"https:\/\/api.w.org\/{rel}","templated":true}]}}