{"id":2645,"date":"2025-10-19T17:36:59","date_gmt":"2025-10-19T17:36:59","guid":{"rendered":"https:\/\/www.fc-freya.de\/?p=2645"},"modified":"2025-10-27T14:24:24","modified_gmt":"2025-10-27T14:24:24","slug":"bundesliga-profi-mit-limbacher-wurzeln-zurueck-auf-dem-platz","status":"publish","type":"post","link":"https:\/\/www.fc-freya.de\/?p=2645","title":{"rendered":"Bundesliga-Profi mit Limbacher Wurzeln zur\u00fcck auf dem Platz"},"content":{"rendered":"\n<p class=\"has-background\" style=\"background-color:#d4d4d4a1;font-size:16px\"><strong>Gro\u00dfe Freude bei unserer F-Jugend! Ein echter Bundesliga-Profi mit Limbacher Wurzeln besuchte das Training. Nicolai Rapp der heute f\u00fcr den KSC aufl\u00e4uft, begann seine Fu\u00dfballkarriere hier in Limbach. Bis zur E-Jugend trug er unser Trikot, ehe er den n\u00e4chsten Schritt machte und zur TSG Hoffenheim wechselte. Nun kehrte er zu seinen Anf\u00e4ngen zur\u00fcck nicht als Gegner, sondern als Gast. Beim Training unserer F-Jugend war er nicht nur Zuschauer, sondern schn\u00fcrte selbst noch einmal die Schuhe und trainierte begeistert mit den Kindern. F\u00fcr die jungen Spieler war es ein besonderes Erlebnis, mit einem echten Bundesligaspieler auf dem Platz zu stehen, der einst genau dort angefangen hat, wo sie jetzt stehen. Neben Spa\u00df und lockeren Gespr\u00e4chen gab es auch wertvolle Tipps und Tricks aus erster Hand. Zum Abschluss wurden selbstverst\u00e4ndlich noch Autgramme verteilt und Erinnerungsfotos gemacht ein Tag, den unsere F-Jugend so schnell nicht vergessen wird!<\/strong><\/p>\n\n\n\n<figure class=\"wp-block-gallery has-nested-images columns-default is-cropped wp-block-gallery-1 is-layout-flex wp-block-gallery-is-layout-flex\">\n<figure class=\"wp-block-image size-large\"><img loading=\"lazy\" decoding=\"async\" width=\"1024\" height=\"739\" data-id=\"2672\" src=\"https:\/\/www.fc-freya.de\/wp-content\/uploads\/2025\/10\/63e3c514-c8d3-4d4c-b3f8-acb4bdbd27f7-1024x739.jpg\" alt=\"\" class=\"wp-image-2672\" srcset=\"https:\/\/www.fc-freya.de\/wp-content\/uploads\/2025\/10\/63e3c514-c8d3-4d4c-b3f8-acb4bdbd27f7-1024x739.jpg 1024w, https:\/\/www.fc-freya.de\/wp-content\/uploads\/2025\/10\/63e3c514-c8d3-4d4c-b3f8-acb4bdbd27f7-300x216.jpg 300w, https:\/\/www.fc-freya.de\/wp-content\/uploads\/2025\/10\/63e3c514-c8d3-4d4c-b3f8-acb4bdbd27f7-150x108.jpg 150w, https:\/\/www.fc-freya.de\/wp-content\/uploads\/2025\/10\/63e3c514-c8d3-4d4c-b3f8-acb4bdbd27f7-768x554.jpg 768w, https:\/\/www.fc-freya.de\/wp-content\/uploads\/2025\/10\/63e3c514-c8d3-4d4c-b3f8-acb4bdbd27f7.jpg 1170w\" sizes=\"auto, (max-width: 1024px) 100vw, 1024px\" \/><\/figure>\n\n\n\n<figure class=\"wp-block-image size-large\"><img loading=\"lazy\" decoding=\"async\" width=\"1024\" height=\"957\" data-id=\"2671\" src=\"https:\/\/www.fc-freya.de\/wp-content\/uploads\/2025\/10\/f34a8d38-e2c5-4971-a680-19449be74b18-1024x957.jpg\" alt=\"\" class=\"wp-image-2671\" srcset=\"https:\/\/www.fc-freya.de\/wp-content\/uploads\/2025\/10\/f34a8d38-e2c5-4971-a680-19449be74b18-1024x957.jpg 1024w, https:\/\/www.fc-freya.de\/wp-content\/uploads\/2025\/10\/f34a8d38-e2c5-4971-a680-19449be74b18-300x280.jpg 300w, https:\/\/www.fc-freya.de\/wp-content\/uploads\/2025\/10\/f34a8d38-e2c5-4971-a680-19449be74b18-150x140.jpg 150w, https:\/\/www.fc-freya.de\/wp-content\/uploads\/2025\/10\/f34a8d38-e2c5-4971-a680-19449be74b18-768x717.jpg 768w, https:\/\/www.fc-freya.de\/wp-content\/uploads\/2025\/10\/f34a8d38-e2c5-4971-a680-19449be74b18.jpg 1170w\" sizes=\"auto, (max-width: 1024px) 100vw, 1024px\" \/><\/figure>\n\n\n\n<figure class=\"wp-block-image size-large\"><img loading=\"lazy\" decoding=\"async\" width=\"1024\" height=\"969\" data-id=\"2674\" src=\"https:\/\/www.fc-freya.de\/wp-content\/uploads\/2025\/10\/22d982af-cfb4-4c80-9031-77d03b70b2e3-1024x969.jpg\" alt=\"\" class=\"wp-image-2674\" srcset=\"https:\/\/www.fc-freya.de\/wp-content\/uploads\/2025\/10\/22d982af-cfb4-4c80-9031-77d03b70b2e3-1024x969.jpg 1024w, https:\/\/www.fc-freya.de\/wp-content\/uploads\/2025\/10\/22d982af-cfb4-4c80-9031-77d03b70b2e3-300x284.jpg 300w, https:\/\/www.fc-freya.de\/wp-content\/uploads\/2025\/10\/22d982af-cfb4-4c80-9031-77d03b70b2e3-150x142.jpg 150w, https:\/\/www.fc-freya.de\/wp-content\/uploads\/2025\/10\/22d982af-cfb4-4c80-9031-77d03b70b2e3-768x727.jpg 768w, https:\/\/www.fc-freya.de\/wp-content\/uploads\/2025\/10\/22d982af-cfb4-4c80-9031-77d03b70b2e3.jpg 1170w\" sizes=\"auto, (max-width: 1024px) 100vw, 1024px\" \/><\/figure>\n<\/figure>\n","protected":false},"excerpt":{"rendered":"<p>Gro\u00dfe Freude bei unserer F-Jugend! Ein echter Bundesliga-Profi mit Limbacher Wurzeln besuchte das Training. Nicolai Rapp der heute f\u00fcr den KSC aufl\u00e4uft, begann seine Fu\u00dfballkarriere hier in Limbach. Bis zur E-Jugend trug er unser Trikot, ehe er den n\u00e4chsten Schritt machte und zur TSG Hoffenheim wechselte. Nun kehrte er zu [&hellip;]<\/p>\n","protected":false},"author":1,"featured_media":2672,"comment_status":"closed","ping_status":"open","sticky":false,"template":"","format":"standard","meta":{"footnotes":""},"categories":[9,7],"tags":[],"class_list":["post-2645","post","type-post","status-publish","format-standard","has-post-thumbnail","hentry","category-jsv-limbach-fahrenbach","category-news"],"_links":{"self":[{"href":"https:\/\/www.fc-freya.de\/index.php?rest_route=\/wp\/v2\/posts\/2645","targetHints":{"allow":["GET"]}}],"collection":[{"href":"https:\/\/www.fc-freya.de\/index.php?rest_route=\/wp\/v2\/posts"}],"about":[{"href":"https:\/\/www.fc-freya.de\/index.php?rest_route=\/wp\/v2\/types\/post"}],"author":[{"embeddable":true,"href":"https:\/\/www.fc-freya.de\/index.php?rest_route=\/wp\/v2\/users\/1"}],"replies":[{"embeddable":true,"href":"https:\/\/www.fc-freya.de\/index.php?rest_route=%2Fwp%2Fv2%2Fcomments&post=2645"}],"version-history":[{"count":2,"href":"https:\/\/www.fc-freya.de\/index.php?rest_route=\/wp\/v2\/posts\/2645\/revisions"}],"predecessor-version":[{"id":2675,"href":"https:\/\/www.fc-freya.de\/index.php?rest_route=\/wp\/v2\/posts\/2645\/revisions\/2675"}],"wp:featuredmedia":[{"embeddable":true,"href":"https:\/\/www.fc-freya.de\/index.php?rest_route=\/wp\/v2\/media\/2672"}],"wp:attachment":[{"href":"https:\/\/www.fc-freya.de\/index.php?rest_route=%2Fwp%2Fv2%2Fmedia&parent=2645"}],"wp:term":[{"taxonomy":"category","embeddable":true,"href":"https:\/\/www.fc-freya.de\/index.php?rest_route=%2Fwp%2Fv2%2Fcategories&post=2645"},{"taxonomy":"post_tag","embeddable":true,"href":"https:\/\/www.fc-freya.de\/index.php?rest_route=%2Fwp%2Fv2%2Ftags&post=2645"}],"curies":[{"name":"wp","href":"https:\/\/api.w.org\/{rel}","templated":true}]}}