{"id":2432,"date":"2025-07-10T13:51:35","date_gmt":"2025-07-10T13:51:35","guid":{"rendered":"https:\/\/www.fc-freya.de\/?p=2432"},"modified":"2025-07-10T13:52:46","modified_gmt":"2025-07-10T13:52:46","slug":"ausflug-der-e-jugend-zum-saisonabschluss-in-den-holidaypark-hassloch","status":"publish","type":"post","link":"https:\/\/www.fc-freya.de\/?p=2432","title":{"rendered":"Ausflug der E-Jugend zum Saisonabschluss in den Holidaypark Ha\u00dfloch"},"content":{"rendered":"\n<p class=\"has-background\" style=\"background-color:#d4d4d4a1;font-size:16px\">Zum Abschluss der Saison ging es nach Ha\u00dfloch in den Holidaypark. P\u00fcnktlich zur Parker\u00f6ffnung starteten wir in einen erlebnisreichen Tag. F\u00fcr alle war etwas dabei &#8211; ob rasante Achterbahnen, gem\u00fctliche Rundfahrten oder diverse Shows. Bei sommerlichen Termperaturen standen vor allem die Wasserattraktionen hoch im Kurs &#8211; eine willkommene Abk\u00fchlung und jede Menge Spa\u00df inklusive! Eine gro\u00dfes Dankesch\u00f6n geht an das Autohaus Hemberger und den Land &amp; Forstbetrieb Uwe Baumbusch, die ihre Fahrzeuge zur Verf\u00fcgung gestellt haben. Zus\u00e4tzlich auch an alle, die zum Gelingen des Eventes beigetragen haben.<\/p>\n\n\n\n<figure class=\"wp-block-image size-large\"><img loading=\"lazy\" decoding=\"async\" width=\"1024\" height=\"661\" src=\"http:\/\/www.fc-freya.de\/wp-content\/uploads\/2025\/07\/e4c0ba5a-8d3e-4b0d-b8ee-0e6d50787838-1024x661.jpg\" alt=\"\" class=\"wp-image-2429\" srcset=\"https:\/\/www.fc-freya.de\/wp-content\/uploads\/2025\/07\/e4c0ba5a-8d3e-4b0d-b8ee-0e6d50787838-1024x661.jpg 1024w, https:\/\/www.fc-freya.de\/wp-content\/uploads\/2025\/07\/e4c0ba5a-8d3e-4b0d-b8ee-0e6d50787838-300x194.jpg 300w, https:\/\/www.fc-freya.de\/wp-content\/uploads\/2025\/07\/e4c0ba5a-8d3e-4b0d-b8ee-0e6d50787838-150x97.jpg 150w, https:\/\/www.fc-freya.de\/wp-content\/uploads\/2025\/07\/e4c0ba5a-8d3e-4b0d-b8ee-0e6d50787838-768x496.jpg 768w, https:\/\/www.fc-freya.de\/wp-content\/uploads\/2025\/07\/e4c0ba5a-8d3e-4b0d-b8ee-0e6d50787838.jpg 1294w\" sizes=\"auto, (max-width: 1024px) 100vw, 1024px\" \/><figcaption class=\"wp-element-caption\">Unsere E-Jungend im Holidaypark Ha\u00dfloch, Quelle: eigene Aufnahme<\/figcaption><\/figure>\n","protected":false},"excerpt":{"rendered":"<p>Zum Abschluss der Saison ging es nach Ha\u00dfloch in den Holidaypark. P\u00fcnktlich zur Parker\u00f6ffnung starteten wir in einen erlebnisreichen Tag. F\u00fcr alle war etwas dabei &#8211; ob rasante Achterbahnen, gem\u00fctliche Rundfahrten oder diverse Shows. Bei sommerlichen Termperaturen standen vor allem die Wasserattraktionen hoch im Kurs &#8211; eine willkommene Abk\u00fchlung und [&hellip;]<\/p>\n","protected":false},"author":1,"featured_media":2429,"comment_status":"closed","ping_status":"open","sticky":false,"template":"","format":"standard","meta":{"footnotes":""},"categories":[9,7],"tags":[],"class_list":["post-2432","post","type-post","status-publish","format-standard","has-post-thumbnail","hentry","category-jsv-limbach-fahrenbach","category-news"],"_links":{"self":[{"href":"https:\/\/www.fc-freya.de\/index.php?rest_route=\/wp\/v2\/posts\/2432","targetHints":{"allow":["GET"]}}],"collection":[{"href":"https:\/\/www.fc-freya.de\/index.php?rest_route=\/wp\/v2\/posts"}],"about":[{"href":"https:\/\/www.fc-freya.de\/index.php?rest_route=\/wp\/v2\/types\/post"}],"author":[{"embeddable":true,"href":"https:\/\/www.fc-freya.de\/index.php?rest_route=\/wp\/v2\/users\/1"}],"replies":[{"embeddable":true,"href":"https:\/\/www.fc-freya.de\/index.php?rest_route=%2Fwp%2Fv2%2Fcomments&post=2432"}],"version-history":[{"count":2,"href":"https:\/\/www.fc-freya.de\/index.php?rest_route=\/wp\/v2\/posts\/2432\/revisions"}],"predecessor-version":[{"id":2434,"href":"https:\/\/www.fc-freya.de\/index.php?rest_route=\/wp\/v2\/posts\/2432\/revisions\/2434"}],"wp:featuredmedia":[{"embeddable":true,"href":"https:\/\/www.fc-freya.de\/index.php?rest_route=\/wp\/v2\/media\/2429"}],"wp:attachment":[{"href":"https:\/\/www.fc-freya.de\/index.php?rest_route=%2Fwp%2Fv2%2Fmedia&parent=2432"}],"wp:term":[{"taxonomy":"category","embeddable":true,"href":"https:\/\/www.fc-freya.de\/index.php?rest_route=%2Fwp%2Fv2%2Fcategories&post=2432"},{"taxonomy":"post_tag","embeddable":true,"href":"https:\/\/www.fc-freya.de\/index.php?rest_route=%2Fwp%2Fv2%2Ftags&post=2432"}],"curies":[{"name":"wp","href":"https:\/\/api.w.org\/{rel}","templated":true}]}}