{"id":2428,"date":"2025-07-10T13:44:03","date_gmt":"2025-07-10T13:44:03","guid":{"rendered":"https:\/\/www.fc-freya.de\/?p=2428"},"modified":"2025-07-10T13:53:49","modified_gmt":"2025-07-10T13:53:49","slug":"f-jugend-des-jsv-limbach-feiert-saisonabschluss-mit-fussballgolf-und-grillfest","status":"publish","type":"post","link":"https:\/\/www.fc-freya.de\/?p=2428","title":{"rendered":"F-Jugend des JSV Limbach feiert Saisonabschluss mit Fu\u00dfballgolf und Grillfest"},"content":{"rendered":"\n<p class=\"has-background\" style=\"background-color:#d4d4d4a1\">Zum Saisonende stand f\u00fcr unsere F-Jugend ein ganz besonderer Tag an. Gemeinsam ging es auf den Fu\u00dfballgolf-Platz. Mit viel Begeisterung dribbelten, schossen und lachten sich die Kids durch die verschiedenen Bahnen, mal durch R\u00f6hren oder \u00fcber kleine H\u00fcgel. Der Spa\u00df stand klar im Vordergrund!<br>Im Anschluss wurde gegrillt, gegessen, gespielt und einfach zusammen gefeiert. Ein sch\u00f6ner Abschluss einer tollen Saison, bei dem Kinder, Eltern und Betreuer auf ihre Kosten kamen. Ein gro\u00dfes Danksch\u00f6n gilt MY IMMOBILIEN f\u00fcr die wertvolle Unterst\u00fctzung unserer Mannschaft beim Saisonabschluss.<br><\/p>\n\n\n\n<figure class=\"wp-block-image size-large\"><img loading=\"lazy\" decoding=\"async\" width=\"1024\" height=\"768\" src=\"http:\/\/www.fc-freya.de\/wp-content\/uploads\/2025\/07\/9b839d4b-c4bb-4327-b49b-6c45e2a86cf0-1024x768.jpg\" alt=\"\" class=\"wp-image-2430\" srcset=\"https:\/\/www.fc-freya.de\/wp-content\/uploads\/2025\/07\/9b839d4b-c4bb-4327-b49b-6c45e2a86cf0-1024x768.jpg 1024w, https:\/\/www.fc-freya.de\/wp-content\/uploads\/2025\/07\/9b839d4b-c4bb-4327-b49b-6c45e2a86cf0-300x225.jpg 300w, https:\/\/www.fc-freya.de\/wp-content\/uploads\/2025\/07\/9b839d4b-c4bb-4327-b49b-6c45e2a86cf0-150x113.jpg 150w, https:\/\/www.fc-freya.de\/wp-content\/uploads\/2025\/07\/9b839d4b-c4bb-4327-b49b-6c45e2a86cf0-768x576.jpg 768w, https:\/\/www.fc-freya.de\/wp-content\/uploads\/2025\/07\/9b839d4b-c4bb-4327-b49b-6c45e2a86cf0-1536x1152.jpg 1536w, https:\/\/www.fc-freya.de\/wp-content\/uploads\/2025\/07\/9b839d4b-c4bb-4327-b49b-6c45e2a86cf0.jpg 1600w\" sizes=\"auto, (max-width: 1024px) 100vw, 1024px\" \/><figcaption class=\"wp-element-caption\">Saisonabschluss unserer F-Jugend, Quelle: eigene Aufnahme<\/figcaption><\/figure>\n","protected":false},"excerpt":{"rendered":"<p>Zum Saisonende stand f\u00fcr unsere F-Jugend ein ganz besonderer Tag an. Gemeinsam ging es auf den Fu\u00dfballgolf-Platz. Mit viel Begeisterung dribbelten, schossen und lachten sich die Kids durch die verschiedenen Bahnen, mal durch R\u00f6hren oder \u00fcber kleine H\u00fcgel. Der Spa\u00df stand klar im Vordergrund!Im Anschluss wurde gegrillt, gegessen, gespielt und [&hellip;]<\/p>\n","protected":false},"author":1,"featured_media":2430,"comment_status":"closed","ping_status":"open","sticky":false,"template":"","format":"standard","meta":{"footnotes":""},"categories":[9,7],"tags":[],"class_list":["post-2428","post","type-post","status-publish","format-standard","has-post-thumbnail","hentry","category-jsv-limbach-fahrenbach","category-news"],"_links":{"self":[{"href":"https:\/\/www.fc-freya.de\/index.php?rest_route=\/wp\/v2\/posts\/2428","targetHints":{"allow":["GET"]}}],"collection":[{"href":"https:\/\/www.fc-freya.de\/index.php?rest_route=\/wp\/v2\/posts"}],"about":[{"href":"https:\/\/www.fc-freya.de\/index.php?rest_route=\/wp\/v2\/types\/post"}],"author":[{"embeddable":true,"href":"https:\/\/www.fc-freya.de\/index.php?rest_route=\/wp\/v2\/users\/1"}],"replies":[{"embeddable":true,"href":"https:\/\/www.fc-freya.de\/index.php?rest_route=%2Fwp%2Fv2%2Fcomments&post=2428"}],"version-history":[{"count":2,"href":"https:\/\/www.fc-freya.de\/index.php?rest_route=\/wp\/v2\/posts\/2428\/revisions"}],"predecessor-version":[{"id":2435,"href":"https:\/\/www.fc-freya.de\/index.php?rest_route=\/wp\/v2\/posts\/2428\/revisions\/2435"}],"wp:featuredmedia":[{"embeddable":true,"href":"https:\/\/www.fc-freya.de\/index.php?rest_route=\/wp\/v2\/media\/2430"}],"wp:attachment":[{"href":"https:\/\/www.fc-freya.de\/index.php?rest_route=%2Fwp%2Fv2%2Fmedia&parent=2428"}],"wp:term":[{"taxonomy":"category","embeddable":true,"href":"https:\/\/www.fc-freya.de\/index.php?rest_route=%2Fwp%2Fv2%2Fcategories&post=2428"},{"taxonomy":"post_tag","embeddable":true,"href":"https:\/\/www.fc-freya.de\/index.php?rest_route=%2Fwp%2Fv2%2Ftags&post=2428"}],"curies":[{"name":"wp","href":"https:\/\/api.w.org\/{rel}","templated":true}]}}