{"id":1689,"date":"2024-09-17T18:02:38","date_gmt":"2024-09-17T18:02:38","guid":{"rendered":"https:\/\/www.fc-freya.de\/?p=1689"},"modified":"2024-09-17T19:34:00","modified_gmt":"2024-09-17T19:34:00","slug":"cheerleader-camp-2024","status":"publish","type":"post","link":"https:\/\/www.fc-freya.de\/?p=1689","title":{"rendered":"Cheerleader-Camp 2024"},"content":{"rendered":"\n<p class=\"has-black-color has-text-color has-background has-link-color wp-elements-3db30130b6a99544111a9911b96f449a\" style=\"background-color:#d4d4d4a1\"><strong>Am letzten Ferien-Wochenende war es wieder so weit: Nach der erfolgreichen Wiederauflage im vergangenen Jahr ging das Cheerleader-Camp der FC Freya Limbach vom 7. auf den 8. September in die zweite Runde. Mit fast 60 M\u00e4dchen zwischen 5 und 17 Jahren war beinahe die komplette Cheerleader-Abteilung des Vereins dabei. Den ganzen Samstag wurde flei\u00dfig getanzt, geturnt, gespielt und gebastelt. Von den kleinsten \u201eSweeties\u201c \u00fcber \u201eAngels\u201c und \u201eBengels\u201c bis zu den gr\u00f6\u00dften \u201eRebels\u201c konnte gemeinsam trainiert und so das Zusammengeh\u00f6rigkeitsgef\u00fchl auch \u00fcber die eigene Mannschaft hinaus gefestigt werden. Dank der tatkr\u00e4ftigen Unterst\u00fctzung der Eltern durften es sich die M\u00e4dchen bei Mittag-, Abendessen und Fr\u00fchst\u00fcck im Sportheim so richtig schmecken lassen und konnten sich auch zwischendurch mit leckeren Snacks versorgen. Den Abschluss des ersten Tages bildete eine gemeinsame Nachtwanderung, bevor dann die Halle in ein riesiges Bettenlager verwandelt wurde. Nach dem Fr\u00fchst\u00fcck am Sonntagmorgen wurde wieder flei\u00dfig weitertrainiert und geprobt. Schlie\u00dflich waren f\u00fcr 11:30 Uhr die Eltern zur abschlie\u00dfenden Auff\u00fchrung geladen. In einer \u00fcber das Wochenende einstudierten Choreografie konnten alle vier Mannschaften gemeinsam ihr K\u00f6nnen unter Beweis stellen. Ein besonderer Dank gilt der tatkr\u00e4ftigen Unterst\u00fctzung der Eltern bei verschiedenen Helferdiensten und den vielen Essensspenden. Au\u00dferdem bedanken wir uns bei der B\u00e4ckerei Linus Schmitt f\u00fcr die leckeren Nussz\u00f6pfe, bei der Pizzeria Peperoncino Calabrese f\u00fcr ihre Spende, bei der Gemeinde Limbach f\u00fcr die Hallennutzung, bei der Vorstandschaft unseres Vereins, insbesondere bei Jugendleiter Jochen Zimmermann, f\u00fcr die Unterst\u00fctzung bei der Planung und die \u00dcbernahme der Getr\u00e4nkekosten, bei Cristina Gramlich, die uns nicht nur an diesem Wochenende, sondern immer mit Rat und Tat zur Seite steht, bei Katja und Josefine Sch\u00e4fer von der TSG Reisenbach Mudau f\u00fcr ihre fachkundige Durchf\u00fchrung des speziellen Bodenturn-Trainings und bei Hausmeister Bernhard Puppan f\u00fcr seine Unterst\u00fctzung. Wir freuen uns jetzt auf die neue Saison mit ganz vielen tanz- und sportbegeisterten M\u00e4dchen!<\/strong><\/p>\n\n\n\n<figure class=\"wp-block-image size-full is-resized\"><img loading=\"lazy\" decoding=\"async\" width=\"848\" height=\"417\" src=\"https:\/\/www.fc-freya.de\/wp-content\/uploads\/2024\/09\/Cheerleader.png\" alt=\"\" class=\"wp-image-1690\" style=\"width:840px;height:auto\" srcset=\"https:\/\/www.fc-freya.de\/wp-content\/uploads\/2024\/09\/Cheerleader.png 848w, https:\/\/www.fc-freya.de\/wp-content\/uploads\/2024\/09\/Cheerleader-300x148.png 300w, https:\/\/www.fc-freya.de\/wp-content\/uploads\/2024\/09\/Cheerleader-150x74.png 150w, https:\/\/www.fc-freya.de\/wp-content\/uploads\/2024\/09\/Cheerleader-768x378.png 768w\" sizes=\"auto, (max-width: 848px) 100vw, 848px\" \/><figcaption class=\"wp-element-caption\">Quelle: eigene Aufnahme<\/figcaption><\/figure>\n\n\n\n<p><\/p>\n","protected":false},"excerpt":{"rendered":"<p>Am letzten Ferien-Wochenende war es wieder so weit: Nach der erfolgreichen Wiederauflage im vergangenen Jahr ging das Cheerleader-Camp der FC Freya Limbach vom 7. auf den 8. September in die zweite Runde. Mit fast 60 M\u00e4dchen zwischen 5 und 17 Jahren war beinahe die komplette Cheerleader-Abteilung des Vereins dabei. Den [&hellip;]<\/p>\n","protected":false},"author":1,"featured_media":1690,"comment_status":"closed","ping_status":"open","sticky":false,"template":"","format":"standard","meta":{"footnotes":""},"categories":[31,7],"tags":[],"class_list":["post-1689","post","type-post","status-publish","format-standard","has-post-thumbnail","hentry","category-abteilungen","category-news"],"_links":{"self":[{"href":"https:\/\/www.fc-freya.de\/index.php?rest_route=\/wp\/v2\/posts\/1689","targetHints":{"allow":["GET"]}}],"collection":[{"href":"https:\/\/www.fc-freya.de\/index.php?rest_route=\/wp\/v2\/posts"}],"about":[{"href":"https:\/\/www.fc-freya.de\/index.php?rest_route=\/wp\/v2\/types\/post"}],"author":[{"embeddable":true,"href":"https:\/\/www.fc-freya.de\/index.php?rest_route=\/wp\/v2\/users\/1"}],"replies":[{"embeddable":true,"href":"https:\/\/www.fc-freya.de\/index.php?rest_route=%2Fwp%2Fv2%2Fcomments&post=1689"}],"version-history":[{"count":7,"href":"https:\/\/www.fc-freya.de\/index.php?rest_route=\/wp\/v2\/posts\/1689\/revisions"}],"predecessor-version":[{"id":1758,"href":"https:\/\/www.fc-freya.de\/index.php?rest_route=\/wp\/v2\/posts\/1689\/revisions\/1758"}],"wp:featuredmedia":[{"embeddable":true,"href":"https:\/\/www.fc-freya.de\/index.php?rest_route=\/wp\/v2\/media\/1690"}],"wp:attachment":[{"href":"https:\/\/www.fc-freya.de\/index.php?rest_route=%2Fwp%2Fv2%2Fmedia&parent=1689"}],"wp:term":[{"taxonomy":"category","embeddable":true,"href":"https:\/\/www.fc-freya.de\/index.php?rest_route=%2Fwp%2Fv2%2Fcategories&post=1689"},{"taxonomy":"post_tag","embeddable":true,"href":"https:\/\/www.fc-freya.de\/index.php?rest_route=%2Fwp%2Fv2%2Ftags&post=1689"}],"curies":[{"name":"wp","href":"https:\/\/api.w.org\/{rel}","templated":true}]}}