{"id":1256,"date":"2023-11-17T19:57:34","date_gmt":"2023-11-17T19:57:34","guid":{"rendered":"https:\/\/www.fc-freya.de\/?p=1256"},"modified":"2024-09-17T19:18:29","modified_gmt":"2024-09-17T19:18:29","slug":"neue-flutlichtanlage-beim-fc-freya-limbach","status":"publish","type":"post","link":"https:\/\/www.fc-freya.de\/?p=1256","title":{"rendered":"Neue Flutlichtanlage beim FC Freya Limbach"},"content":{"rendered":"\n<p class=\"has-black-color has-text-color has-background has-link-color has-medium-font-size wp-elements-a9b34c408f499064ae14c75c8c0b0383\" style=\"background-color:#f2f2f2d9\">In Zusammenarbeit mit dem Bundesministerium f\u00fcr Wirtschaft und Kilmaschutz konnte der FC Freya Limbach seine \u00fcber 35 Jahre alte Flutlichtanlage energetisch sanieren.<br><br>Im September 2023 konnte die Umr\u00fcstung mit der \u00f6rtlichen Elektrofirma Walter Hartmann erfolgen.<br><br>Die Investitionssumme f\u00fcr dieses Projekt betrug insgesamt fast 30.000 Euro.<br>\u00a0<br>Diese Ma\u00dfnahme wurde mit Zuwendungen aus den Mitteln der Nationalen Klimaschutzinitiative des Bundesministeriums f\u00fcr Wirtschaft und Klimaschutz (BMWK), mit dem F\u00f6rderkennzeichen: 67K20752, zu 35% gef\u00f6rdert.<br>\u00a0<br>Projekttr\u00e4ger:\u00a0<strong><a href=\"https:\/\/deref-web.de\/mail\/client\/_cBmYPDNfQE\/dereferrer\/?redirectUrl=http%3A%2F%2Fwww.klimaschutz.de%2Fkommunalrichtlinie\" target=\"_blank\" rel=\"noreferrer noopener\">www.klimaschutz.de\/kommunalrichtlinie<\/a><\/strong><br><br><strong><em>Was ist die nationale Klimaschutzinitiative?<\/em><\/strong><br><em>Mit der Nationalen Klimaschutzinitiative initiiert und f\u00f6rdert die Bundesregierung seit 2008 zahlreiche Projekte, die einen Beitrag zur Senkung der Treibhausgasemissionen leisten. Ihre Programme und Projekte decken ein breites Spektrum an Klimaschutzaktivit\u00e4ten ab: Von der Entwicklung langfristiger Strategien bis hin zu konkreten Hilfestellungen und investiven F\u00f6rderma\u00dfnahmen. Diese Vielfalt ist Garant f\u00fcr gute Ideen. Die Nationale Klimaschutzinitiative tr\u00e4gt zu einer Verankerung des Klimaschutzes vor Ort bei. Von ihr profitieren Verbraucherinnen und Verbraucher ebenso wie Unternehmen, Kommunen oder Bildungseinrichtungen.<\/em><\/p>\n\n\n\n<figure class=\"wp-block-image size-large\"><img loading=\"lazy\" decoding=\"async\" width=\"1024\" height=\"768\" src=\"http:\/\/www.fc-freya.de\/wp-content\/uploads\/2023\/11\/20230908_202357-1024x768.jpg\" alt=\"\" class=\"wp-image-1257\" srcset=\"https:\/\/www.fc-freya.de\/wp-content\/uploads\/2023\/11\/20230908_202357-1024x768.jpg 1024w, https:\/\/www.fc-freya.de\/wp-content\/uploads\/2023\/11\/20230908_202357-300x225.jpg 300w, https:\/\/www.fc-freya.de\/wp-content\/uploads\/2023\/11\/20230908_202357-150x113.jpg 150w, https:\/\/www.fc-freya.de\/wp-content\/uploads\/2023\/11\/20230908_202357-768x576.jpg 768w, https:\/\/www.fc-freya.de\/wp-content\/uploads\/2023\/11\/20230908_202357-1536x1152.jpg 1536w, https:\/\/www.fc-freya.de\/wp-content\/uploads\/2023\/11\/20230908_202357-2048x1536.jpg 2048w\" sizes=\"auto, (max-width: 1024px) 100vw, 1024px\" \/><\/figure>\n","protected":false},"excerpt":{"rendered":"<p>In Zusammenarbeit mit dem Bundesministerium f\u00fcr Wirtschaft und Kilmaschutz konnte der FC Freya Limbach seine \u00fcber 35 Jahre alte Flutlichtanlage energetisch sanieren. <\/p>\n","protected":false},"author":1,"featured_media":1261,"comment_status":"closed","ping_status":"open","sticky":false,"template":"","format":"standard","meta":{"footnotes":""},"categories":[7,29],"tags":[],"class_list":["post-1256","post","type-post","status-publish","format-standard","has-post-thumbnail","hentry","category-news","category-rund-um-den-verein"],"_links":{"self":[{"href":"https:\/\/www.fc-freya.de\/index.php?rest_route=\/wp\/v2\/posts\/1256","targetHints":{"allow":["GET"]}}],"collection":[{"href":"https:\/\/www.fc-freya.de\/index.php?rest_route=\/wp\/v2\/posts"}],"about":[{"href":"https:\/\/www.fc-freya.de\/index.php?rest_route=\/wp\/v2\/types\/post"}],"author":[{"embeddable":true,"href":"https:\/\/www.fc-freya.de\/index.php?rest_route=\/wp\/v2\/users\/1"}],"replies":[{"embeddable":true,"href":"https:\/\/www.fc-freya.de\/index.php?rest_route=%2Fwp%2Fv2%2Fcomments&post=1256"}],"version-history":[{"count":6,"href":"https:\/\/www.fc-freya.de\/index.php?rest_route=\/wp\/v2\/posts\/1256\/revisions"}],"predecessor-version":[{"id":1743,"href":"https:\/\/www.fc-freya.de\/index.php?rest_route=\/wp\/v2\/posts\/1256\/revisions\/1743"}],"wp:featuredmedia":[{"embeddable":true,"href":"https:\/\/www.fc-freya.de\/index.php?rest_route=\/wp\/v2\/media\/1261"}],"wp:attachment":[{"href":"https:\/\/www.fc-freya.de\/index.php?rest_route=%2Fwp%2Fv2%2Fmedia&parent=1256"}],"wp:term":[{"taxonomy":"category","embeddable":true,"href":"https:\/\/www.fc-freya.de\/index.php?rest_route=%2Fwp%2Fv2%2Fcategories&post=1256"},{"taxonomy":"post_tag","embeddable":true,"href":"https:\/\/www.fc-freya.de\/index.php?rest_route=%2Fwp%2Fv2%2Ftags&post=1256"}],"curies":[{"name":"wp","href":"https:\/\/api.w.org\/{rel}","templated":true}]}}