{"id":2508,"date":"2025-09-01T10:45:50","date_gmt":"2025-09-01T10:45:50","guid":{"rendered":"https:\/\/www.fc-freya.de\/?p=2508"},"modified":"2025-09-08T09:50:31","modified_gmt":"2025-09-08T09:50:31","slug":"spielbericht-fc-freya-limbach-fv-mosbach-2","status":"publish","type":"post","link":"http:\/\/www.fc-freya.de\/?p=2508","title":{"rendered":"Spielbericht: FC Freya Limbach &#8211; FV Mosbach 2"},"content":{"rendered":"\n<p class=\"has-background\" style=\"background-color:#d4d4d4a1;font-size:16px\"><strong>Im dritten Spiel der Saison sollte endlich der erste Dreier der Freya-Elf gelingen. Druckvoll begann die Heimmannschaft gegen die G\u00e4ste aus Mosbach und erspielte sich erste Torchancen. Nach gut 20 Minuten war es dann so weit, als ein langer Ball Kuhn erreichte und dieser mit einem satten Linksschuss die Limbacher in F\u00fchrung brachte. Die Zuschauer sahen daraufhin ein ausgeglichenes Spiel, Limbach verpasste jedoch vor der Halbzeit die F\u00fchrung auszubauen. Nach dem Seitenwechsel pl\u00e4tscherte das Spiel vor sich hin bis Paul Bachmann in der 74. Minute nach starker Vorarbeit von Hammerschmidt auf 2:0 erh\u00f6hte. Die Hausherren lie\u00dfen jetzt keinen Zweifel an einem Heimerfolg aufkommen. Erst scheiterte der starke Hammerschmidt am Pfosten, kurz darauf erh\u00f6hte Kuhn mit seinem zweiten Tor auf 3:0. Das Spiel war nun gelaufen und die Freya Jungs konnten nach einigen Wechseln in der 88. Spielminute bei einem Konter durch Gaman den Endstand von 4:0 erzielen. Der gut leitende Schiedsrichter pfiff p\u00fcnktlich nach 90. Minuten ab.\u00a0Quelle: RNZ\u00a0\u00a0<\/strong><\/p>\n\n\n\n<figure class=\"wp-block-gallery has-nested-images columns-default is-cropped wp-block-gallery-1 is-layout-flex wp-block-gallery-is-layout-flex\">\n<figure class=\"wp-block-image size-large\"><img loading=\"lazy\" decoding=\"async\" width=\"1024\" height=\"683\" data-id=\"2512\" src=\"https:\/\/www.fc-freya.de\/wp-content\/uploads\/2025\/09\/DSC_0647-1024x683.jpg\" alt=\"\" class=\"wp-image-2512\" srcset=\"http:\/\/www.fc-freya.de\/wp-content\/uploads\/2025\/09\/DSC_0647-1024x683.jpg 1024w, http:\/\/www.fc-freya.de\/wp-content\/uploads\/2025\/09\/DSC_0647-300x200.jpg 300w, http:\/\/www.fc-freya.de\/wp-content\/uploads\/2025\/09\/DSC_0647-150x100.jpg 150w, http:\/\/www.fc-freya.de\/wp-content\/uploads\/2025\/09\/DSC_0647-768x512.jpg 768w, http:\/\/www.fc-freya.de\/wp-content\/uploads\/2025\/09\/DSC_0647-1536x1024.jpg 1536w, http:\/\/www.fc-freya.de\/wp-content\/uploads\/2025\/09\/DSC_0647-2048x1365.jpg 2048w\" sizes=\"auto, (max-width: 1024px) 100vw, 1024px\" \/><\/figure>\n\n\n\n<figure class=\"wp-block-image size-large\"><img loading=\"lazy\" decoding=\"async\" width=\"1024\" height=\"683\" data-id=\"2509\" src=\"https:\/\/www.fc-freya.de\/wp-content\/uploads\/2025\/09\/DSC_0660-1024x683.jpg\" alt=\"\" class=\"wp-image-2509\" srcset=\"http:\/\/www.fc-freya.de\/wp-content\/uploads\/2025\/09\/DSC_0660-1024x683.jpg 1024w, http:\/\/www.fc-freya.de\/wp-content\/uploads\/2025\/09\/DSC_0660-300x200.jpg 300w, http:\/\/www.fc-freya.de\/wp-content\/uploads\/2025\/09\/DSC_0660-150x100.jpg 150w, http:\/\/www.fc-freya.de\/wp-content\/uploads\/2025\/09\/DSC_0660-768x512.jpg 768w, http:\/\/www.fc-freya.de\/wp-content\/uploads\/2025\/09\/DSC_0660-1536x1024.jpg 1536w, http:\/\/www.fc-freya.de\/wp-content\/uploads\/2025\/09\/DSC_0660-2048x1365.jpg 2048w\" sizes=\"auto, (max-width: 1024px) 100vw, 1024px\" \/><\/figure>\n\n\n\n<figure class=\"wp-block-image size-large\"><img loading=\"lazy\" decoding=\"async\" width=\"1024\" height=\"683\" data-id=\"2513\" src=\"https:\/\/www.fc-freya.de\/wp-content\/uploads\/2025\/09\/DSC_0669-1024x683.jpg\" alt=\"\" class=\"wp-image-2513\" srcset=\"http:\/\/www.fc-freya.de\/wp-content\/uploads\/2025\/09\/DSC_0669-1024x683.jpg 1024w, http:\/\/www.fc-freya.de\/wp-content\/uploads\/2025\/09\/DSC_0669-300x200.jpg 300w, http:\/\/www.fc-freya.de\/wp-content\/uploads\/2025\/09\/DSC_0669-150x100.jpg 150w, http:\/\/www.fc-freya.de\/wp-content\/uploads\/2025\/09\/DSC_0669-768x512.jpg 768w, http:\/\/www.fc-freya.de\/wp-content\/uploads\/2025\/09\/DSC_0669-1536x1024.jpg 1536w, http:\/\/www.fc-freya.de\/wp-content\/uploads\/2025\/09\/DSC_0669-2048x1365.jpg 2048w\" sizes=\"auto, (max-width: 1024px) 100vw, 1024px\" \/><\/figure>\n\n\n\n<figure class=\"wp-block-image size-large\"><img loading=\"lazy\" decoding=\"async\" width=\"1024\" height=\"683\" data-id=\"2510\" src=\"https:\/\/www.fc-freya.de\/wp-content\/uploads\/2025\/09\/DSC_0684-1024x683.jpg\" alt=\"\" class=\"wp-image-2510\" srcset=\"http:\/\/www.fc-freya.de\/wp-content\/uploads\/2025\/09\/DSC_0684-1024x683.jpg 1024w, http:\/\/www.fc-freya.de\/wp-content\/uploads\/2025\/09\/DSC_0684-300x200.jpg 300w, http:\/\/www.fc-freya.de\/wp-content\/uploads\/2025\/09\/DSC_0684-150x100.jpg 150w, http:\/\/www.fc-freya.de\/wp-content\/uploads\/2025\/09\/DSC_0684-768x512.jpg 768w, http:\/\/www.fc-freya.de\/wp-content\/uploads\/2025\/09\/DSC_0684-1536x1024.jpg 1536w, http:\/\/www.fc-freya.de\/wp-content\/uploads\/2025\/09\/DSC_0684-2048x1365.jpg 2048w\" sizes=\"auto, (max-width: 1024px) 100vw, 1024px\" \/><\/figure>\n\n\n\n<figure class=\"wp-block-image size-large\"><img loading=\"lazy\" decoding=\"async\" width=\"1024\" height=\"683\" data-id=\"2511\" src=\"https:\/\/www.fc-freya.de\/wp-content\/uploads\/2025\/09\/DSC_0692-1024x683.jpg\" alt=\"\" class=\"wp-image-2511\" srcset=\"http:\/\/www.fc-freya.de\/wp-content\/uploads\/2025\/09\/DSC_0692-1024x683.jpg 1024w, http:\/\/www.fc-freya.de\/wp-content\/uploads\/2025\/09\/DSC_0692-300x200.jpg 300w, http:\/\/www.fc-freya.de\/wp-content\/uploads\/2025\/09\/DSC_0692-150x100.jpg 150w, http:\/\/www.fc-freya.de\/wp-content\/uploads\/2025\/09\/DSC_0692-768x512.jpg 768w, http:\/\/www.fc-freya.de\/wp-content\/uploads\/2025\/09\/DSC_0692-1536x1024.jpg 1536w, http:\/\/www.fc-freya.de\/wp-content\/uploads\/2025\/09\/DSC_0692-2048x1365.jpg 2048w\" sizes=\"auto, (max-width: 1024px) 100vw, 1024px\" \/><\/figure>\n\n\n\n<figure class=\"wp-block-image size-large\"><img loading=\"lazy\" decoding=\"async\" width=\"1024\" height=\"683\" data-id=\"2514\" src=\"https:\/\/www.fc-freya.de\/wp-content\/uploads\/2025\/09\/DSC_0700-1024x683.jpg\" alt=\"\" class=\"wp-image-2514\" srcset=\"http:\/\/www.fc-freya.de\/wp-content\/uploads\/2025\/09\/DSC_0700-1024x683.jpg 1024w, http:\/\/www.fc-freya.de\/wp-content\/uploads\/2025\/09\/DSC_0700-300x200.jpg 300w, http:\/\/www.fc-freya.de\/wp-content\/uploads\/2025\/09\/DSC_0700-150x100.jpg 150w, http:\/\/www.fc-freya.de\/wp-content\/uploads\/2025\/09\/DSC_0700-768x512.jpg 768w, http:\/\/www.fc-freya.de\/wp-content\/uploads\/2025\/09\/DSC_0700-1536x1024.jpg 1536w, http:\/\/www.fc-freya.de\/wp-content\/uploads\/2025\/09\/DSC_0700-2048x1365.jpg 2048w\" sizes=\"auto, (max-width: 1024px) 100vw, 1024px\" \/><\/figure>\n\n\n\n<figure class=\"wp-block-image size-large\"><img loading=\"lazy\" decoding=\"async\" width=\"1024\" height=\"683\" data-id=\"2518\" src=\"https:\/\/www.fc-freya.de\/wp-content\/uploads\/2025\/09\/DSC_0727-1024x683.jpg\" alt=\"\" class=\"wp-image-2518\" srcset=\"http:\/\/www.fc-freya.de\/wp-content\/uploads\/2025\/09\/DSC_0727-1024x683.jpg 1024w, http:\/\/www.fc-freya.de\/wp-content\/uploads\/2025\/09\/DSC_0727-300x200.jpg 300w, http:\/\/www.fc-freya.de\/wp-content\/uploads\/2025\/09\/DSC_0727-150x100.jpg 150w, http:\/\/www.fc-freya.de\/wp-content\/uploads\/2025\/09\/DSC_0727-768x512.jpg 768w, http:\/\/www.fc-freya.de\/wp-content\/uploads\/2025\/09\/DSC_0727-1536x1024.jpg 1536w, http:\/\/www.fc-freya.de\/wp-content\/uploads\/2025\/09\/DSC_0727-2048x1365.jpg 2048w\" sizes=\"auto, (max-width: 1024px) 100vw, 1024px\" \/><\/figure>\n\n\n\n<figure class=\"wp-block-image size-large\"><img loading=\"lazy\" decoding=\"async\" width=\"1024\" height=\"683\" data-id=\"2517\" src=\"https:\/\/www.fc-freya.de\/wp-content\/uploads\/2025\/09\/DSC_0729-1024x683.jpg\" alt=\"\" class=\"wp-image-2517\" srcset=\"http:\/\/www.fc-freya.de\/wp-content\/uploads\/2025\/09\/DSC_0729-1024x683.jpg 1024w, http:\/\/www.fc-freya.de\/wp-content\/uploads\/2025\/09\/DSC_0729-300x200.jpg 300w, http:\/\/www.fc-freya.de\/wp-content\/uploads\/2025\/09\/DSC_0729-150x100.jpg 150w, http:\/\/www.fc-freya.de\/wp-content\/uploads\/2025\/09\/DSC_0729-768x512.jpg 768w, http:\/\/www.fc-freya.de\/wp-content\/uploads\/2025\/09\/DSC_0729-1536x1024.jpg 1536w, http:\/\/www.fc-freya.de\/wp-content\/uploads\/2025\/09\/DSC_0729-2048x1365.jpg 2048w\" sizes=\"auto, (max-width: 1024px) 100vw, 1024px\" \/><\/figure>\n\n\n\n<figure class=\"wp-block-image size-large\"><img loading=\"lazy\" decoding=\"async\" width=\"1024\" height=\"683\" data-id=\"2516\" src=\"https:\/\/www.fc-freya.de\/wp-content\/uploads\/2025\/09\/DSC_0738-1024x683.jpg\" alt=\"\" class=\"wp-image-2516\" srcset=\"http:\/\/www.fc-freya.de\/wp-content\/uploads\/2025\/09\/DSC_0738-1024x683.jpg 1024w, http:\/\/www.fc-freya.de\/wp-content\/uploads\/2025\/09\/DSC_0738-300x200.jpg 300w, http:\/\/www.fc-freya.de\/wp-content\/uploads\/2025\/09\/DSC_0738-150x100.jpg 150w, http:\/\/www.fc-freya.de\/wp-content\/uploads\/2025\/09\/DSC_0738-768x512.jpg 768w, http:\/\/www.fc-freya.de\/wp-content\/uploads\/2025\/09\/DSC_0738-1536x1024.jpg 1536w, http:\/\/www.fc-freya.de\/wp-content\/uploads\/2025\/09\/DSC_0738-2048x1365.jpg 2048w\" sizes=\"auto, (max-width: 1024px) 100vw, 1024px\" \/><\/figure>\n\n\n\n<figure class=\"wp-block-image size-large\"><img loading=\"lazy\" decoding=\"async\" width=\"1024\" height=\"683\" data-id=\"2515\" src=\"https:\/\/www.fc-freya.de\/wp-content\/uploads\/2025\/09\/DSC_0744-1024x683.jpg\" alt=\"\" class=\"wp-image-2515\" srcset=\"http:\/\/www.fc-freya.de\/wp-content\/uploads\/2025\/09\/DSC_0744-1024x683.jpg 1024w, http:\/\/www.fc-freya.de\/wp-content\/uploads\/2025\/09\/DSC_0744-300x200.jpg 300w, http:\/\/www.fc-freya.de\/wp-content\/uploads\/2025\/09\/DSC_0744-150x100.jpg 150w, http:\/\/www.fc-freya.de\/wp-content\/uploads\/2025\/09\/DSC_0744-768x512.jpg 768w, http:\/\/www.fc-freya.de\/wp-content\/uploads\/2025\/09\/DSC_0744-1536x1024.jpg 1536w, http:\/\/www.fc-freya.de\/wp-content\/uploads\/2025\/09\/DSC_0744-2048x1365.jpg 2048w\" sizes=\"auto, (max-width: 1024px) 100vw, 1024px\" \/><\/figure>\n<\/figure>\n","protected":false},"excerpt":{"rendered":"<p>Im dritten Spiel der Saison sollte endlich der erste Dreier der Freya-Elf gelingen. Druckvoll begann die Heimmannschaft gegen die G\u00e4ste aus Mosbach und erspielte sich erste Torchancen. Nach gut 20 Minuten war es dann so weit, als ein langer Ball Kuhn erreichte und dieser mit einem satten Linksschuss die Limbacher [&hellip;]<\/p>\n","protected":false},"author":1,"featured_media":2519,"comment_status":"closed","ping_status":"open","sticky":false,"template":"","format":"standard","meta":{"footnotes":""},"categories":[8,7,39],"tags":[],"class_list":["post-2508","post","type-post","status-publish","format-standard","has-post-thumbnail","hentry","category-fc-freya-limbach-senioren","category-news","category-spielberichte"],"_links":{"self":[{"href":"http:\/\/www.fc-freya.de\/index.php?rest_route=\/wp\/v2\/posts\/2508","targetHints":{"allow":["GET"]}}],"collection":[{"href":"http:\/\/www.fc-freya.de\/index.php?rest_route=\/wp\/v2\/posts"}],"about":[{"href":"http:\/\/www.fc-freya.de\/index.php?rest_route=\/wp\/v2\/types\/post"}],"author":[{"embeddable":true,"href":"http:\/\/www.fc-freya.de\/index.php?rest_route=\/wp\/v2\/users\/1"}],"replies":[{"embeddable":true,"href":"http:\/\/www.fc-freya.de\/index.php?rest_route=%2Fwp%2Fv2%2Fcomments&post=2508"}],"version-history":[{"count":1,"href":"http:\/\/www.fc-freya.de\/index.php?rest_route=\/wp\/v2\/posts\/2508\/revisions"}],"predecessor-version":[{"id":2520,"href":"http:\/\/www.fc-freya.de\/index.php?rest_route=\/wp\/v2\/posts\/2508\/revisions\/2520"}],"wp:featuredmedia":[{"embeddable":true,"href":"http:\/\/www.fc-freya.de\/index.php?rest_route=\/wp\/v2\/media\/2519"}],"wp:attachment":[{"href":"http:\/\/www.fc-freya.de\/index.php?rest_route=%2Fwp%2Fv2%2Fmedia&parent=2508"}],"wp:term":[{"taxonomy":"category","embeddable":true,"href":"http:\/\/www.fc-freya.de\/index.php?rest_route=%2Fwp%2Fv2%2Fcategories&post=2508"},{"taxonomy":"post_tag","embeddable":true,"href":"http:\/\/www.fc-freya.de\/index.php?rest_route=%2Fwp%2Fv2%2Ftags&post=2508"}],"curies":[{"name":"wp","href":"https:\/\/api.w.org\/{rel}","templated":true}]}}