{"id":2504,"date":"2025-08-25T07:47:24","date_gmt":"2025-08-25T07:47:24","guid":{"rendered":"https:\/\/www.fc-freya.de\/?p=2504"},"modified":"2025-08-25T08:35:10","modified_gmt":"2025-08-25T08:35:10","slug":"spielbericht-fc-freya-limbach-sc-oberschefflenz","status":"publish","type":"post","link":"http:\/\/www.fc-freya.de\/?p=2504","title":{"rendered":"Spielbericht: FC Freya Limbach &#8211; SC Oberschefflenz"},"content":{"rendered":"\n<p class=\"has-background\" style=\"background-color:#d4d4d4a1\"><strong>Beim ersten Heimspiel der Saison 2025\/26 sahen die Zuschauer ein munteres Spiel mit vielen Chancen auf beiden Seiten. Der Gast aus Oberschefflenz hatte den besseren Start und machte nach 12. Minuten nach einem Eckball den F\u00fchrungstreffer durch Gruber zum 0:1. Die Freya Elf lie\u00df sich davon nicht beeindrucken und kam besser ins Spiel. Kurz vor dem Pausenpfiff zeigte der gut leitende Schiedsrichter auf den Elfmeterpunkt nach einem Handspiel der G\u00e4ste. Garman \u00fcbernahm die Verantwortung, scheiterte erst\u00a0 am G\u00e4stekeeper, konnte aber dann den Nachschuss verwerten.\u00a0Die Heimmannschaft kam motiviert und druckvoll aus der Halbzeitpause und konnte in der 50. Minute mit einem sehenswerten Seitfallzieher durch Hammerschmidt in F\u00fchrung gehen. Kuhn scheiterte im Anschluss ebenfalls mit einem Seitfallzieher am Aluminium. Kurz darauf setzte sich ein G\u00e4stespieler stark auf der rechten Seite durch und spielte den freien Colakoglu an, der unbedr\u00e4ngt zum 2:2 Ausgleich einschob. Beide Mannschaften gaben sich mit der Punkteteilung nicht zufrieden und versuchten den F\u00fchrungstreffer zu erzielen. Dabei hatte die Heimmannschaft die besseren Chancen. Entweder fehlte der letzte Pass oder der starke G\u00e4stetormann verhinderte den F\u00fchrungstreffer der Freya. Quelle RNZ<\/strong><\/p>\n\n\n\n<p style=\"font-size:16px\"><\/p>\n","protected":false},"excerpt":{"rendered":"<p>Beim ersten Heimspiel der Saison 2025\/26 sahen die Zuschauer ein munteres Spiel mit vielen Chancen auf beiden Seiten. Der Gast aus Oberschefflenz hatte den besseren Start und machte nach 12. Minuten nach einem Eckball den F\u00fchrungstreffer durch Gruber zum 0:1. Die Freya Elf lie\u00df sich davon nicht beeindrucken und kam [&hellip;]<\/p>\n","protected":false},"author":1,"featured_media":2507,"comment_status":"closed","ping_status":"open","sticky":false,"template":"","format":"standard","meta":{"footnotes":""},"categories":[7,39],"tags":[],"class_list":["post-2504","post","type-post","status-publish","format-standard","has-post-thumbnail","hentry","category-news","category-spielberichte"],"_links":{"self":[{"href":"http:\/\/www.fc-freya.de\/index.php?rest_route=\/wp\/v2\/posts\/2504","targetHints":{"allow":["GET"]}}],"collection":[{"href":"http:\/\/www.fc-freya.de\/index.php?rest_route=\/wp\/v2\/posts"}],"about":[{"href":"http:\/\/www.fc-freya.de\/index.php?rest_route=\/wp\/v2\/types\/post"}],"author":[{"embeddable":true,"href":"http:\/\/www.fc-freya.de\/index.php?rest_route=\/wp\/v2\/users\/1"}],"replies":[{"embeddable":true,"href":"http:\/\/www.fc-freya.de\/index.php?rest_route=%2Fwp%2Fv2%2Fcomments&post=2504"}],"version-history":[{"count":1,"href":"http:\/\/www.fc-freya.de\/index.php?rest_route=\/wp\/v2\/posts\/2504\/revisions"}],"predecessor-version":[{"id":2506,"href":"http:\/\/www.fc-freya.de\/index.php?rest_route=\/wp\/v2\/posts\/2504\/revisions\/2506"}],"wp:featuredmedia":[{"embeddable":true,"href":"http:\/\/www.fc-freya.de\/index.php?rest_route=\/wp\/v2\/media\/2507"}],"wp:attachment":[{"href":"http:\/\/www.fc-freya.de\/index.php?rest_route=%2Fwp%2Fv2%2Fmedia&parent=2504"}],"wp:term":[{"taxonomy":"category","embeddable":true,"href":"http:\/\/www.fc-freya.de\/index.php?rest_route=%2Fwp%2Fv2%2Fcategories&post=2504"},{"taxonomy":"post_tag","embeddable":true,"href":"http:\/\/www.fc-freya.de\/index.php?rest_route=%2Fwp%2Fv2%2Ftags&post=2504"}],"curies":[{"name":"wp","href":"https:\/\/api.w.org\/{rel}","templated":true}]}}