{"id":2407,"date":"2025-05-26T14:38:33","date_gmt":"2025-05-26T14:38:33","guid":{"rendered":"https:\/\/www.fc-freya.de\/?p=2407"},"modified":"2025-05-26T14:38:49","modified_gmt":"2025-05-26T14:38:49","slug":"spielbericht-tsv-billigheim-fc-freya-limbach","status":"publish","type":"post","link":"http:\/\/www.fc-freya.de\/?p=2407","title":{"rendered":"Spielbericht: TSV Billigheim &#8211; FC Freya Limbach"},"content":{"rendered":"\n<p class=\"has-background\" style=\"background-color:#d4d4d4a1;font-size:16px\"><strong>Im letzten Rundenspiel sahen die Zuschauer ein faire Partie, in der es f\u00fcr beide Mannschaften um nichts mehr ging. Bereits in der 6. Minute verwertete Luca Durdevic eine Ecke per Kopf zur F\u00fchrung f\u00fcr Billigheim. In der Folge dominierte der TSV das Spiel, ohne allerdings zu weiteren klaren Chancen zu kommen. Limbach hatte dann in der 22. Min. durch Jovanovic die Chance zum Ausgleich, doch Torwart Marvin Flad kl\u00e4rte gekonnt. Der TSV-Keeper musste sein Team wenig sp\u00e4ter ein weiteres Mal vor dem Ausgleich bewahren. In der zweiten Halbzeit verflachte das Spiel, es dauerte bis zur 60. Min., ehe Marius Keller nach einer Ecke per Kopf auf 2:0 f\u00fcr den TSV stellte. Kurz danach beinahe das 3:0 f\u00fcr Billigheim, doch Bauers Schuss traf nur die Latte des Limbacher Tors. In der Schlussphase dr\u00e4ngte Limbach auf den verdienten Anschlusstreffer, doch Flad rettete in seinem letzten Spiel f\u00fcr den TSV mit einer Glanzparade die Null.<\/strong> <strong>   Quelle: RNZ\u00a0<\/strong><\/p>\n\n\n\n<p><\/p>\n\n\n\n<p><\/p>\n","protected":false},"excerpt":{"rendered":"<p>Im letzten Rundenspiel sahen die Zuschauer ein faire Partie, in der es f\u00fcr beide Mannschaften um nichts mehr ging. Bereits in der 6. Minute verwertete Luca Durdevic eine Ecke per Kopf zur F\u00fchrung f\u00fcr Billigheim. In der Folge dominierte der TSV das Spiel, ohne allerdings zu weiteren klaren Chancen zu [&hellip;]<\/p>\n","protected":false},"author":1,"featured_media":2408,"comment_status":"closed","ping_status":"open","sticky":false,"template":"","format":"standard","meta":{"footnotes":""},"categories":[7,39],"tags":[],"class_list":["post-2407","post","type-post","status-publish","format-standard","has-post-thumbnail","hentry","category-news","category-spielberichte"],"_links":{"self":[{"href":"http:\/\/www.fc-freya.de\/index.php?rest_route=\/wp\/v2\/posts\/2407","targetHints":{"allow":["GET"]}}],"collection":[{"href":"http:\/\/www.fc-freya.de\/index.php?rest_route=\/wp\/v2\/posts"}],"about":[{"href":"http:\/\/www.fc-freya.de\/index.php?rest_route=\/wp\/v2\/types\/post"}],"author":[{"embeddable":true,"href":"http:\/\/www.fc-freya.de\/index.php?rest_route=\/wp\/v2\/users\/1"}],"replies":[{"embeddable":true,"href":"http:\/\/www.fc-freya.de\/index.php?rest_route=%2Fwp%2Fv2%2Fcomments&post=2407"}],"version-history":[{"count":2,"href":"http:\/\/www.fc-freya.de\/index.php?rest_route=\/wp\/v2\/posts\/2407\/revisions"}],"predecessor-version":[{"id":2499,"href":"http:\/\/www.fc-freya.de\/index.php?rest_route=\/wp\/v2\/posts\/2407\/revisions\/2499"}],"wp:featuredmedia":[{"embeddable":true,"href":"http:\/\/www.fc-freya.de\/index.php?rest_route=\/wp\/v2\/media\/2408"}],"wp:attachment":[{"href":"http:\/\/www.fc-freya.de\/index.php?rest_route=%2Fwp%2Fv2%2Fmedia&parent=2407"}],"wp:term":[{"taxonomy":"category","embeddable":true,"href":"http:\/\/www.fc-freya.de\/index.php?rest_route=%2Fwp%2Fv2%2Fcategories&post=2407"},{"taxonomy":"post_tag","embeddable":true,"href":"http:\/\/www.fc-freya.de\/index.php?rest_route=%2Fwp%2Fv2%2Ftags&post=2407"}],"curies":[{"name":"wp","href":"https:\/\/api.w.org\/{rel}","templated":true}]}}