{"id":2343,"date":"2025-05-19T08:13:38","date_gmt":"2025-05-19T08:13:38","guid":{"rendered":"https:\/\/www.fc-freya.de\/?p=2343"},"modified":"2025-05-19T08:13:39","modified_gmt":"2025-05-19T08:13:39","slug":"spielbericht-sv-neckargerach-fc-freya-limbach","status":"publish","type":"post","link":"http:\/\/www.fc-freya.de\/?p=2343","title":{"rendered":"Spielbericht: SV Neckargerach &#8211; FC Freya Limbach"},"content":{"rendered":"\n<p class=\"has-background\" style=\"background-color:#d4d4d4a1;font-size:16px\"><strong>\u201eDie G\u00e4ste aus Limbach erwischten den besseren Start in die Partie. Bereits in der 18. Minute hatte der FCL die erste hochkar\u00e4tige M\u00f6glichkeit, doch SVN-Keeper Sch\u00e4fer parierte gl\u00e4nzend und bewahrte sein Team vor einem fr\u00fchen R\u00fcckstand. Kurz darauf meldete sich auch die Heimelf offensiv an: Eich vergab in der 20. Minute nach sch\u00f6ner Vorarbeit von Amann. Neckargerach kam nun besser ins Spiel und zeigte sich in der Folge mehrfach gef\u00e4hrlich. In der 34. Minute verpasste man es erneut, einen vielversprechenden Angriff mit einem Treffer zu kr\u00f6nen. Nach einer torlosen ersten H\u00e4lfte nahm die Partie nach dem Seitenwechsel richtig Fahrt auf. Direkt in der 47. Minute verwandelte Amann einen Elfmeter sicher zur 1:0-F\u00fchrung f\u00fcr die Hausherren. Neckargerach blieb am Dr\u00fccker: Kircher scheiterte noch in der 49. Minute mit einem Schussversuch, ehe Limberger in der 51. Minute nach starker Vorarbeit von Di Paolo auf 2:0 erh\u00f6hte. Der SVN verpasste es in der Folge, den Sack zuzumachen. Limbach blieb gef\u00e4hrlich und hatte in der 62. Minute Pech, als Hiller f\u00fcr den bereits geschlagenen Sch\u00e4fer auf der Linie kl\u00e4ren konnte. Drei Minuten sp\u00e4ter war es dann aber so weit: Nach einer Ecke erzielte Fertig den Anschlusstreffer f\u00fcr den FCL. In der 73. Minute folgte der Ausgleich &#8211; Neckargerach verlor in der Defensive unn\u00f6tig den Ball, was Bachmann eiskalt mit dem 2:2 bestrafte. In der Schlussphase wog das Spiel hin und her. Die beste M\u00f6glichkeit auf den Sieg vergab der SVN in der 90. Minute. So blieb es beim gerechten 2:2 in einem unterhaltsamen Spiel, in dem beide Teams sich den Punkt redlich verdienten.\u201c\u00a0\u00a0\u00a0\u00a0\u00a0\u00a0\u00a0\u00a0\u00a0\u00a0\u00a0\u00a0\u00a0\u00a0\u00a0\u00a0\u00a0\u00a0\u00a0\u00a0\u00a0\u00a0 Quelle: RNZ\u00a0\u00a0<\/strong><\/p>\n\n\n\n<p style=\"font-size:16px\"><\/p>\n","protected":false},"excerpt":{"rendered":"<p>\u201eDie G\u00e4ste aus Limbach erwischten den besseren Start in die Partie. Bereits in der 18. Minute hatte der FCL die erste hochkar\u00e4tige M\u00f6glichkeit, doch SVN-Keeper Sch\u00e4fer parierte gl\u00e4nzend und bewahrte sein Team vor einem fr\u00fchen R\u00fcckstand. Kurz darauf meldete sich auch die Heimelf offensiv an: Eich vergab in der 20. [&hellip;]<\/p>\n","protected":false},"author":1,"featured_media":2344,"comment_status":"closed","ping_status":"open","sticky":false,"template":"","format":"standard","meta":{"footnotes":""},"categories":[7,39],"tags":[],"class_list":["post-2343","post","type-post","status-publish","format-standard","has-post-thumbnail","hentry","category-news","category-spielberichte"],"_links":{"self":[{"href":"http:\/\/www.fc-freya.de\/index.php?rest_route=\/wp\/v2\/posts\/2343","targetHints":{"allow":["GET"]}}],"collection":[{"href":"http:\/\/www.fc-freya.de\/index.php?rest_route=\/wp\/v2\/posts"}],"about":[{"href":"http:\/\/www.fc-freya.de\/index.php?rest_route=\/wp\/v2\/types\/post"}],"author":[{"embeddable":true,"href":"http:\/\/www.fc-freya.de\/index.php?rest_route=\/wp\/v2\/users\/1"}],"replies":[{"embeddable":true,"href":"http:\/\/www.fc-freya.de\/index.php?rest_route=%2Fwp%2Fv2%2Fcomments&post=2343"}],"version-history":[{"count":1,"href":"http:\/\/www.fc-freya.de\/index.php?rest_route=\/wp\/v2\/posts\/2343\/revisions"}],"predecessor-version":[{"id":2345,"href":"http:\/\/www.fc-freya.de\/index.php?rest_route=\/wp\/v2\/posts\/2343\/revisions\/2345"}],"wp:featuredmedia":[{"embeddable":true,"href":"http:\/\/www.fc-freya.de\/index.php?rest_route=\/wp\/v2\/media\/2344"}],"wp:attachment":[{"href":"http:\/\/www.fc-freya.de\/index.php?rest_route=%2Fwp%2Fv2%2Fmedia&parent=2343"}],"wp:term":[{"taxonomy":"category","embeddable":true,"href":"http:\/\/www.fc-freya.de\/index.php?rest_route=%2Fwp%2Fv2%2Fcategories&post=2343"},{"taxonomy":"post_tag","embeddable":true,"href":"http:\/\/www.fc-freya.de\/index.php?rest_route=%2Fwp%2Fv2%2Ftags&post=2343"}],"curies":[{"name":"wp","href":"https:\/\/api.w.org\/{rel}","templated":true}]}}