{"id":2319,"date":"2025-05-05T09:44:17","date_gmt":"2025-05-05T09:44:17","guid":{"rendered":"https:\/\/www.fc-freya.de\/?p=2319"},"modified":"2025-05-07T20:30:50","modified_gmt":"2025-05-07T20:30:50","slug":"spielbericht-tsv-sulzbach-fc-freya-limbach","status":"publish","type":"post","link":"http:\/\/www.fc-freya.de\/?p=2319","title":{"rendered":"Spielbericht: TSV Sulzbach &#8211; FC Freya Limbach"},"content":{"rendered":"\n<p class=\"has-background\" style=\"background-color:#d4d4d4a1\"><strong>\u201eNach einer ersten Chance f\u00fcr die G\u00e4ste \u00fcbernahm der TSV das Spielgeschehen. In der 11. Min. bekamen die Platzherren einen Freisto\u00df zugesprochen-den Kapit\u00e4n Stapf aus 25 Metern direkt zum 1:0 verwandelte. In der 25. Minute zog ein Limbacher Spieler von der halblinken 16er-Kante ab und die Kugel senkte sich zum Ausgleich ins TSV-Geh\u00e4use. Danach dr\u00fcckte die Heimelf wieder auf die Tube und erspielte sich ein \u00dcbergewicht im Mittelfeld. Angetrieben von Stapf, H\u00e4usler, Bernharc und Co. kam der TSV zu guten M\u00f6glichkeiten. Nach einem Freisto\u00df legte Bernhard per Kopf quer und Buccella schloss zur 2:1-F\u00fchrung ab. Kurz darauf nutzte Salari einen Abpraller und erh\u00f6hte auf 3:1 In der 40. Minute war es dann erneut der starke Stapf, der per Distanzschuss auf 4:1 stellte. Wer dachte, das Spiel sei entschieden, hatte sich kr\u00e4ftig get\u00e4uscht. Denn der TSV pr\u00e4sentierte sich in der zweiten Halbzeit ziemlich fahrig. Auch die Einwechslung von Co-Trainer Fertig auf Freya-Seite sorgte f\u00fcr neue Impulse. Nach einem Eckball landete der Ball im TSV-Tor, der Unparteiische entschied jedoch auf Abseits. Kurz darauf nutzten die Limbacher dann aber einen Freisto\u00df zum 4:2. Der TSV war weiter sehr passiv, lie\u00df die G\u00e4ste im Mittelfeld schalten und walten. Die Folge war das dritte G\u00e4stetor zum 4:3. Zum Entsetzen der TSV-Anh\u00e4nger zeigte der Schiedsrichter f\u00fcnf Minuten danach auf den Punkt: Elfmeter wegen Foulspiels. Dieser landete jedoch an der Latte. Die Schlussphase war \u00e4u\u00dferst hektisch, klare Chancen gab es auf beiden Seiten jedoch nicht mehr.\u201c Quelle: RNZ&nbsp;&nbsp;<\/strong><\/p>\n\n\n\n<figure class=\"wp-block-gallery has-nested-images columns-default is-cropped wp-block-gallery-1 is-layout-flex wp-block-gallery-is-layout-flex\">\n<figure class=\"wp-block-image size-large\"><img loading=\"lazy\" decoding=\"async\" width=\"1024\" height=\"683\" data-id=\"2332\" src=\"https:\/\/www.fc-freya.de\/wp-content\/uploads\/2025\/05\/DSC_0449-1024x683.jpg\" alt=\"\" class=\"wp-image-2332\" srcset=\"http:\/\/www.fc-freya.de\/wp-content\/uploads\/2025\/05\/DSC_0449-1024x683.jpg 1024w, http:\/\/www.fc-freya.de\/wp-content\/uploads\/2025\/05\/DSC_0449-300x200.jpg 300w, http:\/\/www.fc-freya.de\/wp-content\/uploads\/2025\/05\/DSC_0449-150x100.jpg 150w, http:\/\/www.fc-freya.de\/wp-content\/uploads\/2025\/05\/DSC_0449-768x512.jpg 768w, http:\/\/www.fc-freya.de\/wp-content\/uploads\/2025\/05\/DSC_0449-1536x1024.jpg 1536w, http:\/\/www.fc-freya.de\/wp-content\/uploads\/2025\/05\/DSC_0449-2048x1365.jpg 2048w\" sizes=\"auto, (max-width: 1024px) 100vw, 1024px\" \/><\/figure>\n\n\n\n<figure class=\"wp-block-image size-large\"><img loading=\"lazy\" decoding=\"async\" width=\"1024\" height=\"683\" data-id=\"2328\" src=\"https:\/\/www.fc-freya.de\/wp-content\/uploads\/2025\/05\/DSC_0494-1024x683.jpg\" alt=\"\" class=\"wp-image-2328\" srcset=\"http:\/\/www.fc-freya.de\/wp-content\/uploads\/2025\/05\/DSC_0494-1024x683.jpg 1024w, http:\/\/www.fc-freya.de\/wp-content\/uploads\/2025\/05\/DSC_0494-300x200.jpg 300w, http:\/\/www.fc-freya.de\/wp-content\/uploads\/2025\/05\/DSC_0494-150x100.jpg 150w, http:\/\/www.fc-freya.de\/wp-content\/uploads\/2025\/05\/DSC_0494-768x512.jpg 768w, http:\/\/www.fc-freya.de\/wp-content\/uploads\/2025\/05\/DSC_0494-1536x1024.jpg 1536w, http:\/\/www.fc-freya.de\/wp-content\/uploads\/2025\/05\/DSC_0494-2048x1365.jpg 2048w\" sizes=\"auto, (max-width: 1024px) 100vw, 1024px\" \/><\/figure>\n\n\n\n<figure class=\"wp-block-image size-large\"><img loading=\"lazy\" decoding=\"async\" width=\"1024\" height=\"683\" data-id=\"2331\" src=\"https:\/\/www.fc-freya.de\/wp-content\/uploads\/2025\/05\/DSC_0471-1024x683.jpg\" alt=\"\" class=\"wp-image-2331\" srcset=\"http:\/\/www.fc-freya.de\/wp-content\/uploads\/2025\/05\/DSC_0471-1024x683.jpg 1024w, http:\/\/www.fc-freya.de\/wp-content\/uploads\/2025\/05\/DSC_0471-300x200.jpg 300w, http:\/\/www.fc-freya.de\/wp-content\/uploads\/2025\/05\/DSC_0471-150x100.jpg 150w, http:\/\/www.fc-freya.de\/wp-content\/uploads\/2025\/05\/DSC_0471-768x512.jpg 768w, http:\/\/www.fc-freya.de\/wp-content\/uploads\/2025\/05\/DSC_0471-1536x1024.jpg 1536w, http:\/\/www.fc-freya.de\/wp-content\/uploads\/2025\/05\/DSC_0471-2048x1365.jpg 2048w\" sizes=\"auto, (max-width: 1024px) 100vw, 1024px\" \/><\/figure>\n\n\n\n<figure class=\"wp-block-image size-large\"><img loading=\"lazy\" decoding=\"async\" width=\"1024\" height=\"683\" data-id=\"2327\" src=\"https:\/\/www.fc-freya.de\/wp-content\/uploads\/2025\/05\/DSC_0461-1024x683.jpg\" alt=\"\" class=\"wp-image-2327\" srcset=\"http:\/\/www.fc-freya.de\/wp-content\/uploads\/2025\/05\/DSC_0461-1024x683.jpg 1024w, http:\/\/www.fc-freya.de\/wp-content\/uploads\/2025\/05\/DSC_0461-300x200.jpg 300w, http:\/\/www.fc-freya.de\/wp-content\/uploads\/2025\/05\/DSC_0461-150x100.jpg 150w, http:\/\/www.fc-freya.de\/wp-content\/uploads\/2025\/05\/DSC_0461-768x512.jpg 768w, http:\/\/www.fc-freya.de\/wp-content\/uploads\/2025\/05\/DSC_0461-1536x1024.jpg 1536w, http:\/\/www.fc-freya.de\/wp-content\/uploads\/2025\/05\/DSC_0461-2048x1365.jpg 2048w\" sizes=\"auto, (max-width: 1024px) 100vw, 1024px\" \/><\/figure>\n\n\n\n<figure class=\"wp-block-image size-large\"><img loading=\"lazy\" decoding=\"async\" width=\"1024\" height=\"683\" data-id=\"2329\" src=\"https:\/\/www.fc-freya.de\/wp-content\/uploads\/2025\/05\/DSC_0457-1024x683.jpg\" alt=\"\" class=\"wp-image-2329\" srcset=\"http:\/\/www.fc-freya.de\/wp-content\/uploads\/2025\/05\/DSC_0457-1024x683.jpg 1024w, http:\/\/www.fc-freya.de\/wp-content\/uploads\/2025\/05\/DSC_0457-300x200.jpg 300w, http:\/\/www.fc-freya.de\/wp-content\/uploads\/2025\/05\/DSC_0457-150x100.jpg 150w, http:\/\/www.fc-freya.de\/wp-content\/uploads\/2025\/05\/DSC_0457-768x512.jpg 768w, http:\/\/www.fc-freya.de\/wp-content\/uploads\/2025\/05\/DSC_0457-1536x1024.jpg 1536w, http:\/\/www.fc-freya.de\/wp-content\/uploads\/2025\/05\/DSC_0457-2048x1365.jpg 2048w\" sizes=\"auto, (max-width: 1024px) 100vw, 1024px\" \/><\/figure>\n<\/figure>\n","protected":false},"excerpt":{"rendered":"<p>\u201eNach einer ersten Chance f\u00fcr die G\u00e4ste \u00fcbernahm der TSV das Spielgeschehen. In der 11. Min. bekamen die Platzherren einen Freisto\u00df zugesprochen-den Kapit\u00e4n Stapf aus 25 Metern direkt zum 1:0 verwandelte. In der 25. Minute zog ein Limbacher Spieler von der halblinken 16er-Kante ab und die Kugel senkte sich zum [&hellip;]<\/p>\n","protected":false},"author":1,"featured_media":2320,"comment_status":"closed","ping_status":"open","sticky":false,"template":"","format":"standard","meta":{"footnotes":""},"categories":[7,39],"tags":[],"class_list":["post-2319","post","type-post","status-publish","format-standard","has-post-thumbnail","hentry","category-news","category-spielberichte"],"_links":{"self":[{"href":"http:\/\/www.fc-freya.de\/index.php?rest_route=\/wp\/v2\/posts\/2319","targetHints":{"allow":["GET"]}}],"collection":[{"href":"http:\/\/www.fc-freya.de\/index.php?rest_route=\/wp\/v2\/posts"}],"about":[{"href":"http:\/\/www.fc-freya.de\/index.php?rest_route=\/wp\/v2\/types\/post"}],"author":[{"embeddable":true,"href":"http:\/\/www.fc-freya.de\/index.php?rest_route=\/wp\/v2\/users\/1"}],"replies":[{"embeddable":true,"href":"http:\/\/www.fc-freya.de\/index.php?rest_route=%2Fwp%2Fv2%2Fcomments&post=2319"}],"version-history":[{"count":3,"href":"http:\/\/www.fc-freya.de\/index.php?rest_route=\/wp\/v2\/posts\/2319\/revisions"}],"predecessor-version":[{"id":2334,"href":"http:\/\/www.fc-freya.de\/index.php?rest_route=\/wp\/v2\/posts\/2319\/revisions\/2334"}],"wp:featuredmedia":[{"embeddable":true,"href":"http:\/\/www.fc-freya.de\/index.php?rest_route=\/wp\/v2\/media\/2320"}],"wp:attachment":[{"href":"http:\/\/www.fc-freya.de\/index.php?rest_route=%2Fwp%2Fv2%2Fmedia&parent=2319"}],"wp:term":[{"taxonomy":"category","embeddable":true,"href":"http:\/\/www.fc-freya.de\/index.php?rest_route=%2Fwp%2Fv2%2Fcategories&post=2319"},{"taxonomy":"post_tag","embeddable":true,"href":"http:\/\/www.fc-freya.de\/index.php?rest_route=%2Fwp%2Fv2%2Ftags&post=2319"}],"curies":[{"name":"wp","href":"https:\/\/api.w.org\/{rel}","templated":true}]}}