{"id":2281,"date":"2025-04-28T08:15:21","date_gmt":"2025-04-28T08:15:21","guid":{"rendered":"https:\/\/www.fc-freya.de\/?p=2281"},"modified":"2025-04-28T08:15:33","modified_gmt":"2025-04-28T08:15:33","slug":"spielbericht-fv-mosbach-fc-freya-limbach","status":"publish","type":"post","link":"http:\/\/www.fc-freya.de\/?p=2281","title":{"rendered":"Spielbericht: FV Mosbach &#8211; FC Freya Limbach"},"content":{"rendered":"\n<p class=\"has-background\" style=\"background-color:#d4d4d4a1;font-size:16px\"><strong>\u201eNach der bitteren Niederlage gegen Neckargerach zeigte der FV Mosbach II die richtige Reaktion und schlug den FC Limbach heute deutlich mit 5:1. Sebastian Kreuter erzielte die F\u00fchrung in der 32. Spielminute. Kurz darauf landete Limbach den Anschlusstreffer. Zur\u00fcck aus den Katakomben traten die Mosbacher deutlich willensst\u00e4rker und \u00fcberzeugter auf, was sich auch in der Leistung vor dem Tor wider-spiegelte. In der 48. Minute war es erneut Sebastian Kreuter, der den Einheimischen die F\u00fchrung sicherte. Im Anschluss traf der frisch eingewechselte Kevin Schmidt zum 3:1. In der 71. Minute war es dann Janis Hrustic mit einem Traumtor direkt in den Winkel. Neuer Spielstand 4:1. Um zu einem runden Abschluss zu kommen, konnte sich Co-Trainer Daniel Papenfu\u00df mit dem 5:1 belohnen.\u201c Quelle: RNZ\u00a0\u00a0<\/strong><\/p>\n\n\n\n<p><\/p>\n","protected":false},"excerpt":{"rendered":"<p>\u201eNach der bitteren Niederlage gegen Neckargerach zeigte der FV Mosbach II die richtige Reaktion und schlug den FC Limbach heute deutlich mit 5:1. Sebastian Kreuter erzielte die F\u00fchrung in der 32. Spielminute. Kurz darauf landete Limbach den Anschlusstreffer. Zur\u00fcck aus den Katakomben traten die Mosbacher deutlich willensst\u00e4rker und \u00fcberzeugter auf, [&hellip;]<\/p>\n","protected":false},"author":1,"featured_media":2282,"comment_status":"closed","ping_status":"open","sticky":false,"template":"","format":"standard","meta":{"footnotes":""},"categories":[7,39],"tags":[],"class_list":["post-2281","post","type-post","status-publish","format-standard","has-post-thumbnail","hentry","category-news","category-spielberichte"],"_links":{"self":[{"href":"http:\/\/www.fc-freya.de\/index.php?rest_route=\/wp\/v2\/posts\/2281","targetHints":{"allow":["GET"]}}],"collection":[{"href":"http:\/\/www.fc-freya.de\/index.php?rest_route=\/wp\/v2\/posts"}],"about":[{"href":"http:\/\/www.fc-freya.de\/index.php?rest_route=\/wp\/v2\/types\/post"}],"author":[{"embeddable":true,"href":"http:\/\/www.fc-freya.de\/index.php?rest_route=\/wp\/v2\/users\/1"}],"replies":[{"embeddable":true,"href":"http:\/\/www.fc-freya.de\/index.php?rest_route=%2Fwp%2Fv2%2Fcomments&post=2281"}],"version-history":[{"count":1,"href":"http:\/\/www.fc-freya.de\/index.php?rest_route=\/wp\/v2\/posts\/2281\/revisions"}],"predecessor-version":[{"id":2283,"href":"http:\/\/www.fc-freya.de\/index.php?rest_route=\/wp\/v2\/posts\/2281\/revisions\/2283"}],"wp:featuredmedia":[{"embeddable":true,"href":"http:\/\/www.fc-freya.de\/index.php?rest_route=\/wp\/v2\/media\/2282"}],"wp:attachment":[{"href":"http:\/\/www.fc-freya.de\/index.php?rest_route=%2Fwp%2Fv2%2Fmedia&parent=2281"}],"wp:term":[{"taxonomy":"category","embeddable":true,"href":"http:\/\/www.fc-freya.de\/index.php?rest_route=%2Fwp%2Fv2%2Fcategories&post=2281"},{"taxonomy":"post_tag","embeddable":true,"href":"http:\/\/www.fc-freya.de\/index.php?rest_route=%2Fwp%2Fv2%2Ftags&post=2281"}],"curies":[{"name":"wp","href":"https:\/\/api.w.org\/{rel}","templated":true}]}}