{"id":2261,"date":"2025-04-22T09:29:56","date_gmt":"2025-04-22T09:29:56","guid":{"rendered":"https:\/\/www.fc-freya.de\/?p=2261"},"modified":"2025-04-23T17:22:22","modified_gmt":"2025-04-23T17:22:22","slug":"spielbericht-fc-freya-limbach-vfr-fahrenbach","status":"publish","type":"post","link":"http:\/\/www.fc-freya.de\/?p=2261","title":{"rendered":"Spielbericht: FC Freya Limbach &#8211; VfR Fahrenbach"},"content":{"rendered":"\n<p class=\"has-background\" style=\"background-color:#d4d4d4a1;font-size:16px\"><strong>\u201eDie Heimelf begann sehr engagiert und bereits in der 7. Min. ging man durch Kuhn in F\u00fchrung. Im Gegenzug konnte der Ball nicht gekl\u00e4rt werden und Kre\u00df versenkte die Kugel volley zum 1:1 im langen Eck (8.). Die Freya lie\u00df sich nicht schocken und erzielte in der 20. Min. &#8211; wenn auch etwas gl\u00fccklich &#8211; die erneute F\u00fchrung: Eine Flanke von Rabe rutschte dem VfR-Keeper durch die H\u00e4nde und landete im Netz. Limbach bestimmte weiter das Spiel, Fahrenbach blieb durch schnelle Gegenst\u00f6\u00dfe gef\u00e4hrlich. Kurz vor der Pause scheiterte Neubig aus aussichtsreicher Position an Zimmer, so blieb es bei der knappen F\u00fchrung zur Halbzeit. Auch in der zweiten H\u00e4lfte war Limbach weiter spielbestimmend, jedoch vorerst nicht zwingend genug. Fahrenbach blieb lediglich \u00fcber Standards gef\u00e4hrlich. In der 62. Min. setzte sich Jovanovic sch\u00f6n durch, sein Schuss klatschte jedoch nur an die Latte. Wenig sp\u00e4ter wurde eine Ecke f\u00fcr Limbach durch Lascu immer l\u00e4nger &#8211; und erneut rettete das Aluminium f\u00fcr den VfR. Limbach blieb am Dr\u00fccker, verpasste aber die Vorentscheidung. So blieb es spannend und Fahrenbach hatte nach einer Ecke den Torschrei auf den Lippen, doch Neubig rettete per Kopf (83.). Kurz vor Schluss noch ein kurzer Aufreger, als ein Tor f\u00fcr Fahrenbach wegen Abseits aberkannt wurde (88.). Am Ende stand ein 2:1 und ein verdienter Heimsieg f\u00fcr Limbach.\u201c Quelle: RNZ&nbsp;&nbsp;<\/strong><\/p>\n\n\n\n<figure class=\"wp-block-gallery has-nested-images columns-default is-cropped wp-block-gallery-1 is-layout-flex wp-block-gallery-is-layout-flex\">\n<figure class=\"wp-block-image size-large\"><img loading=\"lazy\" decoding=\"async\" width=\"1024\" height=\"683\" data-id=\"2274\" src=\"https:\/\/www.fc-freya.de\/wp-content\/uploads\/2025\/04\/DSC_0377-1024x683.jpg\" alt=\"\" class=\"wp-image-2274\" srcset=\"http:\/\/www.fc-freya.de\/wp-content\/uploads\/2025\/04\/DSC_0377-1024x683.jpg 1024w, http:\/\/www.fc-freya.de\/wp-content\/uploads\/2025\/04\/DSC_0377-300x200.jpg 300w, http:\/\/www.fc-freya.de\/wp-content\/uploads\/2025\/04\/DSC_0377-150x100.jpg 150w, http:\/\/www.fc-freya.de\/wp-content\/uploads\/2025\/04\/DSC_0377-768x512.jpg 768w, http:\/\/www.fc-freya.de\/wp-content\/uploads\/2025\/04\/DSC_0377-1536x1024.jpg 1536w, http:\/\/www.fc-freya.de\/wp-content\/uploads\/2025\/04\/DSC_0377-2048x1365.jpg 2048w\" sizes=\"auto, (max-width: 1024px) 100vw, 1024px\" \/><\/figure>\n\n\n\n<figure class=\"wp-block-image size-large\"><img loading=\"lazy\" decoding=\"async\" width=\"1024\" height=\"683\" data-id=\"2269\" src=\"https:\/\/www.fc-freya.de\/wp-content\/uploads\/2025\/04\/DSC_0381-1024x683.jpg\" alt=\"\" class=\"wp-image-2269\" srcset=\"http:\/\/www.fc-freya.de\/wp-content\/uploads\/2025\/04\/DSC_0381-1024x683.jpg 1024w, http:\/\/www.fc-freya.de\/wp-content\/uploads\/2025\/04\/DSC_0381-300x200.jpg 300w, http:\/\/www.fc-freya.de\/wp-content\/uploads\/2025\/04\/DSC_0381-150x100.jpg 150w, http:\/\/www.fc-freya.de\/wp-content\/uploads\/2025\/04\/DSC_0381-768x512.jpg 768w, http:\/\/www.fc-freya.de\/wp-content\/uploads\/2025\/04\/DSC_0381-1536x1024.jpg 1536w, http:\/\/www.fc-freya.de\/wp-content\/uploads\/2025\/04\/DSC_0381-2048x1365.jpg 2048w\" sizes=\"auto, (max-width: 1024px) 100vw, 1024px\" \/><\/figure>\n\n\n\n<figure class=\"wp-block-image size-large\"><img loading=\"lazy\" decoding=\"async\" width=\"1024\" height=\"683\" data-id=\"2271\" src=\"https:\/\/www.fc-freya.de\/wp-content\/uploads\/2025\/04\/DSC_0390-1024x683.jpg\" alt=\"\" class=\"wp-image-2271\" srcset=\"http:\/\/www.fc-freya.de\/wp-content\/uploads\/2025\/04\/DSC_0390-1024x683.jpg 1024w, http:\/\/www.fc-freya.de\/wp-content\/uploads\/2025\/04\/DSC_0390-300x200.jpg 300w, http:\/\/www.fc-freya.de\/wp-content\/uploads\/2025\/04\/DSC_0390-150x100.jpg 150w, http:\/\/www.fc-freya.de\/wp-content\/uploads\/2025\/04\/DSC_0390-768x512.jpg 768w, http:\/\/www.fc-freya.de\/wp-content\/uploads\/2025\/04\/DSC_0390-1536x1024.jpg 1536w, http:\/\/www.fc-freya.de\/wp-content\/uploads\/2025\/04\/DSC_0390-2048x1365.jpg 2048w\" sizes=\"auto, (max-width: 1024px) 100vw, 1024px\" \/><\/figure>\n\n\n\n<figure class=\"wp-block-image size-large\"><img loading=\"lazy\" decoding=\"async\" width=\"1024\" height=\"683\" data-id=\"2272\" src=\"https:\/\/www.fc-freya.de\/wp-content\/uploads\/2025\/04\/DSC_0431-1024x683.jpg\" alt=\"\" class=\"wp-image-2272\" srcset=\"http:\/\/www.fc-freya.de\/wp-content\/uploads\/2025\/04\/DSC_0431-1024x683.jpg 1024w, http:\/\/www.fc-freya.de\/wp-content\/uploads\/2025\/04\/DSC_0431-300x200.jpg 300w, http:\/\/www.fc-freya.de\/wp-content\/uploads\/2025\/04\/DSC_0431-150x100.jpg 150w, http:\/\/www.fc-freya.de\/wp-content\/uploads\/2025\/04\/DSC_0431-768x512.jpg 768w, http:\/\/www.fc-freya.de\/wp-content\/uploads\/2025\/04\/DSC_0431-1536x1024.jpg 1536w, http:\/\/www.fc-freya.de\/wp-content\/uploads\/2025\/04\/DSC_0431-2048x1365.jpg 2048w\" sizes=\"auto, (max-width: 1024px) 100vw, 1024px\" \/><\/figure>\n\n\n\n<figure class=\"wp-block-image size-large\"><img loading=\"lazy\" decoding=\"async\" width=\"1024\" height=\"683\" data-id=\"2273\" src=\"https:\/\/www.fc-freya.de\/wp-content\/uploads\/2025\/04\/DSC_0416-1024x683.jpg\" alt=\"\" class=\"wp-image-2273\" srcset=\"http:\/\/www.fc-freya.de\/wp-content\/uploads\/2025\/04\/DSC_0416-1024x683.jpg 1024w, http:\/\/www.fc-freya.de\/wp-content\/uploads\/2025\/04\/DSC_0416-300x200.jpg 300w, http:\/\/www.fc-freya.de\/wp-content\/uploads\/2025\/04\/DSC_0416-150x100.jpg 150w, http:\/\/www.fc-freya.de\/wp-content\/uploads\/2025\/04\/DSC_0416-768x512.jpg 768w, http:\/\/www.fc-freya.de\/wp-content\/uploads\/2025\/04\/DSC_0416-1536x1024.jpg 1536w, http:\/\/www.fc-freya.de\/wp-content\/uploads\/2025\/04\/DSC_0416-2048x1365.jpg 2048w\" sizes=\"auto, (max-width: 1024px) 100vw, 1024px\" \/><\/figure>\n\n\n\n<figure class=\"wp-block-image size-large\"><img loading=\"lazy\" decoding=\"async\" width=\"1024\" height=\"683\" data-id=\"2270\" src=\"https:\/\/www.fc-freya.de\/wp-content\/uploads\/2025\/04\/DSC_0403-1-1024x683.jpg\" alt=\"\" class=\"wp-image-2270\" srcset=\"http:\/\/www.fc-freya.de\/wp-content\/uploads\/2025\/04\/DSC_0403-1-1024x683.jpg 1024w, http:\/\/www.fc-freya.de\/wp-content\/uploads\/2025\/04\/DSC_0403-1-300x200.jpg 300w, http:\/\/www.fc-freya.de\/wp-content\/uploads\/2025\/04\/DSC_0403-1-150x100.jpg 150w, http:\/\/www.fc-freya.de\/wp-content\/uploads\/2025\/04\/DSC_0403-1-768x512.jpg 768w, http:\/\/www.fc-freya.de\/wp-content\/uploads\/2025\/04\/DSC_0403-1-1536x1024.jpg 1536w, http:\/\/www.fc-freya.de\/wp-content\/uploads\/2025\/04\/DSC_0403-1-2048x1365.jpg 2048w\" sizes=\"auto, (max-width: 1024px) 100vw, 1024px\" \/><\/figure>\n<\/figure>\n","protected":false},"excerpt":{"rendered":"<p>\u201eDie Heimelf begann sehr engagiert und bereits in der 7. Min. ging man durch Kuhn in F\u00fchrung. Im Gegenzug konnte der Ball nicht gekl\u00e4rt werden und Kre\u00df versenkte die Kugel volley zum 1:1 im langen Eck (8.). Die Freya lie\u00df sich nicht schocken und erzielte in der 20. Min. &#8211; [&hellip;]<\/p>\n","protected":false},"author":1,"featured_media":2262,"comment_status":"closed","ping_status":"open","sticky":false,"template":"","format":"standard","meta":{"footnotes":""},"categories":[8,7,39],"tags":[],"class_list":["post-2261","post","type-post","status-publish","format-standard","has-post-thumbnail","hentry","category-fc-freya-limbach-senioren","category-news","category-spielberichte"],"_links":{"self":[{"href":"http:\/\/www.fc-freya.de\/index.php?rest_route=\/wp\/v2\/posts\/2261","targetHints":{"allow":["GET"]}}],"collection":[{"href":"http:\/\/www.fc-freya.de\/index.php?rest_route=\/wp\/v2\/posts"}],"about":[{"href":"http:\/\/www.fc-freya.de\/index.php?rest_route=\/wp\/v2\/types\/post"}],"author":[{"embeddable":true,"href":"http:\/\/www.fc-freya.de\/index.php?rest_route=\/wp\/v2\/users\/1"}],"replies":[{"embeddable":true,"href":"http:\/\/www.fc-freya.de\/index.php?rest_route=%2Fwp%2Fv2%2Fcomments&post=2261"}],"version-history":[{"count":3,"href":"http:\/\/www.fc-freya.de\/index.php?rest_route=\/wp\/v2\/posts\/2261\/revisions"}],"predecessor-version":[{"id":2278,"href":"http:\/\/www.fc-freya.de\/index.php?rest_route=\/wp\/v2\/posts\/2261\/revisions\/2278"}],"wp:featuredmedia":[{"embeddable":true,"href":"http:\/\/www.fc-freya.de\/index.php?rest_route=\/wp\/v2\/media\/2262"}],"wp:attachment":[{"href":"http:\/\/www.fc-freya.de\/index.php?rest_route=%2Fwp%2Fv2%2Fmedia&parent=2261"}],"wp:term":[{"taxonomy":"category","embeddable":true,"href":"http:\/\/www.fc-freya.de\/index.php?rest_route=%2Fwp%2Fv2%2Fcategories&post=2261"},{"taxonomy":"post_tag","embeddable":true,"href":"http:\/\/www.fc-freya.de\/index.php?rest_route=%2Fwp%2Fv2%2Ftags&post=2261"}],"curies":[{"name":"wp","href":"https:\/\/api.w.org\/{rel}","templated":true}]}}