{"id":2041,"date":"2024-11-21T14:30:35","date_gmt":"2024-11-21T14:30:35","guid":{"rendered":"https:\/\/www.fc-freya.de\/?p=2041"},"modified":"2024-11-21T14:30:35","modified_gmt":"2024-11-21T14:30:35","slug":"winterfeier-der-d-jugend-des-jsv-limbachfahrenbach","status":"publish","type":"post","link":"http:\/\/www.fc-freya.de\/?p=2041","title":{"rendered":"Winterfeier der D-Jugend des JSV LimbachFahrenbach"},"content":{"rendered":"\n<p class=\"has-background\" style=\"background-color:#d4d4d4a1\">Am letzten Samstag hie\u00df es f\u00fcr unsere Nachwuchskicker: Kickschuhe aus &#8211; Socken an. Und zwar die, der Sprungbude in Heidelberg. Hier konnten sich 38 Jungs aus Balsbach, Fahrenbach, Krumbach, Limbach, Lohrbach, Robern, Sattelbach, Trienz und Wagenschwend auf verschiedensten Trampolinen in sieben Themenwelten so richtig austoben. Dabei kam bei einigen ihr Trampolintalent zum Vorschein. Unverletzt konnte die R\u00fcckfahrt nach Robern ins Sportheim angetreten werden. Dort gab es erst einmal Hamburger und Pommes zur St\u00e4rkung. Im Anschlu\u00df daran hielt Trainer Alex Ke\u00dfler eine kurze Ansprache, in der er u.a. den Teamgeist der Jungs beschwor, auch wenn sie in drei Mannschaften antreten, und sogar gegeneinander spielen m\u00fcssen. Gro\u00dfe Freude herrschte, als das vorzeitige Weihnachtsgeschenk der Firma E &amp; R aus Robern, eine Sporttasche mit extra Kickschuhfach, von Edgar Bechtold \u00fcberreicht wurde. Die Jungs dankten ihm mit einem riesen Tischgetrommel. Ein Dankesch\u00f6n gab es auch f\u00fcr die Fahrer nach Heidelberg und die Helfer bei der Bewirtung. Durch die Bewirtung an den Heimspieltagen konnte der Ausflug erm\u00f6glicht werden. Die Vorrunde ist jetzt zwar beendet, aber es wird weiterhin trainiert. Auf dem Platz und \u00fcber Winter<br>auch im B\u00fcrgerzentum in Fahrenbach.<\/p>\n\n\n<div class=\"wp-block-image\">\n<figure class=\"aligncenter size-full\"><img loading=\"lazy\" decoding=\"async\" width=\"607\" height=\"267\" src=\"http:\/\/www.fc-freya.de\/wp-content\/uploads\/2024\/11\/D-Jugend.png\" alt=\"\" class=\"wp-image-2042\" srcset=\"http:\/\/www.fc-freya.de\/wp-content\/uploads\/2024\/11\/D-Jugend.png 607w, http:\/\/www.fc-freya.de\/wp-content\/uploads\/2024\/11\/D-Jugend-300x132.png 300w, http:\/\/www.fc-freya.de\/wp-content\/uploads\/2024\/11\/D-Jugend-150x66.png 150w\" sizes=\"auto, (max-width: 607px) 100vw, 607px\" \/><\/figure>\n<\/div>\n\n\n<p><\/p>\n","protected":false},"excerpt":{"rendered":"<p>Am letzten Samstag hie\u00df es f\u00fcr unsere Nachwuchskicker: Kickschuhe aus &#8211; Socken an. Und zwar die, der Sprungbude in Heidelberg. Hier konnten sich 38 Jungs aus Balsbach, Fahrenbach, Krumbach, Limbach, Lohrbach, Robern, Sattelbach, Trienz und Wagenschwend auf verschiedensten Trampolinen in sieben Themenwelten so richtig austoben. Dabei kam bei einigen ihr [&hellip;]<\/p>\n","protected":false},"author":1,"featured_media":2042,"comment_status":"closed","ping_status":"open","sticky":false,"template":"","format":"standard","meta":{"footnotes":""},"categories":[9,7],"tags":[],"class_list":["post-2041","post","type-post","status-publish","format-standard","has-post-thumbnail","hentry","category-jsv-limbach-fahrenbach","category-news"],"_links":{"self":[{"href":"http:\/\/www.fc-freya.de\/index.php?rest_route=\/wp\/v2\/posts\/2041","targetHints":{"allow":["GET"]}}],"collection":[{"href":"http:\/\/www.fc-freya.de\/index.php?rest_route=\/wp\/v2\/posts"}],"about":[{"href":"http:\/\/www.fc-freya.de\/index.php?rest_route=\/wp\/v2\/types\/post"}],"author":[{"embeddable":true,"href":"http:\/\/www.fc-freya.de\/index.php?rest_route=\/wp\/v2\/users\/1"}],"replies":[{"embeddable":true,"href":"http:\/\/www.fc-freya.de\/index.php?rest_route=%2Fwp%2Fv2%2Fcomments&post=2041"}],"version-history":[{"count":2,"href":"http:\/\/www.fc-freya.de\/index.php?rest_route=\/wp\/v2\/posts\/2041\/revisions"}],"predecessor-version":[{"id":2044,"href":"http:\/\/www.fc-freya.de\/index.php?rest_route=\/wp\/v2\/posts\/2041\/revisions\/2044"}],"wp:featuredmedia":[{"embeddable":true,"href":"http:\/\/www.fc-freya.de\/index.php?rest_route=\/wp\/v2\/media\/2042"}],"wp:attachment":[{"href":"http:\/\/www.fc-freya.de\/index.php?rest_route=%2Fwp%2Fv2%2Fmedia&parent=2041"}],"wp:term":[{"taxonomy":"category","embeddable":true,"href":"http:\/\/www.fc-freya.de\/index.php?rest_route=%2Fwp%2Fv2%2Fcategories&post=2041"},{"taxonomy":"post_tag","embeddable":true,"href":"http:\/\/www.fc-freya.de\/index.php?rest_route=%2Fwp%2Fv2%2Ftags&post=2041"}],"curies":[{"name":"wp","href":"https:\/\/api.w.org\/{rel}","templated":true}]}}